{"id":2940,"date":"2023-04-14T13:12:05","date_gmt":"2023-04-14T11:12:05","guid":{"rendered":"https:\/\/hub4t.tecnocampus.cat\/sinaugura-el-programa-impulsa-al-tecnocampus-que-posa-en-valor-a-les-dones-que-emprenen-i-lideren-la-seva-carrera-professional\/"},"modified":"2023-06-16T13:54:46","modified_gmt":"2023-06-16T11:54:46","slug":"sinaugura-el-programa-impulsa-al-tecnocampus-que-posa-en-valor-a-les-dones-que-emprenen-i-lideren-la-seva-carrera-professional","status":"publish","type":"post","link":"https:\/\/hub4t.tecnocampus.cat\/es\/sinaugura-el-programa-impulsa-al-tecnocampus-que-posa-en-valor-a-les-dones-que-emprenen-i-lideren-la-seva-carrera-professional\/","title":{"rendered":"Se inaugura el programa IMPULSA al TecnoCampus, que pose en valor en las mujeres que emprenden y lideran su carrera profesional"},"content":{"rendered":"<p>El pasado 13 de abril se inaugur\u00f3 el programa IMPULSA en TecnoCampus, que tiene como objetivo poner en valor las mujeres profesionales de Matar\u00f3 e incrementar su valor y su talento femenino.<\/p>\n<p>El programa tiene una duraci\u00f3n de 3 meses, donde las participantes desarrollar\u00e1n su talento y sus habilidades en 5 workshops (sobre autoconocimiento, comunicaci\u00f3n efectiva, negociaci\u00f3n, liderazgo y equipos), 2 mesas redondas con experiencias de empresarias referentes y dos charlas sobre autoconocimiento y autoliderazgo. Estas sesiones contar\u00e1n con networking. Como elemento final, las participantes podr\u00e1n ser mentoritzades individualmente para uno\/a de los expertos a cargo de las sesiones.<\/p>\n<p>&nbsp;<\/p>\n<p><img loading=\"lazy\" decoding=\"async\" class=\"wp-image-2932 aligncenter\" src=\"https:\/\/hub4t.tecnocampus.cat\/wp-content\/uploads\/2023\/04\/inauguracio-programa-impulsa-per-dones-emprenedores-hub4t-tecnocampus-donatunimpuls.png\" alt=\"\" width=\"500\" height=\"308\" srcset=\"https:\/\/hub4t.tecnocampus.cat\/wp-content\/uploads\/2023\/04\/inauguracio-programa-impulsa-per-dones-emprenedores-hub4t-tecnocampus-donatunimpuls.png 1600w, https:\/\/hub4t.tecnocampus.cat\/wp-content\/uploads\/2023\/04\/inauguracio-programa-impulsa-per-dones-emprenedores-hub4t-tecnocampus-donatunimpuls-300x185.png 300w, https:\/\/hub4t.tecnocampus.cat\/wp-content\/uploads\/2023\/04\/inauguracio-programa-impulsa-per-dones-emprenedores-hub4t-tecnocampus-donatunimpuls-1024x630.png 1024w, https:\/\/hub4t.tecnocampus.cat\/wp-content\/uploads\/2023\/04\/inauguracio-programa-impulsa-per-dones-emprenedores-hub4t-tecnocampus-donatunimpuls-768x472.png 768w, https:\/\/hub4t.tecnocampus.cat\/wp-content\/uploads\/2023\/04\/inauguracio-programa-impulsa-per-dones-emprenedores-hub4t-tecnocampus-donatunimpuls-1536x945.png 1536w\" sizes=\"(max-width: 500px) 100vw, 500px\" \/><\/p>\n<p>&nbsp;<\/p>\n<p>En la apertura, las participantes estuvieron acompa\u00f1adas por Nuria Moreno, regidora de Urbanismo y Promoci\u00f3n de Ciudad, Laura In\u00e9s Fern\u00e1ndez, presidenta de D\u00f3na\u2019t un Impuls y Sandra S\u00e0nchez, responsable de soluciones formativas de HUB4T.<\/p>\n<p>La bienvenida empez\u00f3 a cargo de la Nuria Moreno, regidora de Urbanismo y Promoci\u00f3n de Ciudad: \u201c<em>El programa nace con la vocaci\u00f3n de poner a la mujer en el centro<\/em>.\u201d<\/p>\n<p>Laura In\u00e9s Fern\u00e1ndez, presidenta de D\u00f3na\u2019t un Impuls, record\u00f3 que este programa tambi\u00e9n es un espacio donde compartir experiencias y generar networking entre las participantes y a\u00f1adi\u00f3 unas palabras: \u201c<em>No quer\u00edamos ir suelas, porque juntas podemos ir m\u00e1s lejos<\/em>\u201d, explicando el talante de la asociaci\u00f3n, que es la colaboraci\u00f3n y la voluntad del trabajo conjunto como punto clave para impulsar los negocios.<\/p>\n<p>La presidenta realz\u00f3 en su discurso que la finalidad \u00faltima de la asociaci\u00f3n es impulsar negocios liderados por mujeres y que en esta labor, la asociaci\u00f3n se centra en tres ejes de trabajo como son la informaci\u00f3n de valor para las socias, la formaci\u00f3n y los recursos a trav\u00e9s de la pr\u00f3xima asociaci\u00f3n o en colaboraci\u00f3n con otras entidades e instituciones con las cuales tienen acuerdos.<\/p>\n<p>En el turno de HUB4T Tecnocampus, Sandra S\u00e0nchez, responsable de soluciones formativas de HUB4T, explic\u00f3 los objetivos del TecnoCampus, a nivel docente y como HUB4T, que ha sido uno de los colaboradores del programa IMPULSA, aporta la capacitaci\u00f3n a las empresarias que participan en el proyecto, para afrontar nuevos retos: \u201c<em>Desde HUB4T tenemos que dar respuesta a la habilidad Learnability y vosotros la ten\u00e9is, por eso est\u00e1is participando de este proyecto<\/em>.\u201d<\/p>\n<p>Una vez finalizada la apertura y despu\u00e9s de un coffee-break, Marta Badia, coach y mentora en comunicaci\u00f3n, autoestima y gesti\u00f3n de conflictos, realiz\u00f3 un workshop sobre Autoconocimiento y autoliderazgo.<\/p>\n<p>&nbsp;<\/p>\n<p><img loading=\"lazy\" decoding=\"async\" class=\"wp-image-2936 aligncenter\" src=\"https:\/\/hub4t.tecnocampus.cat\/wp-content\/uploads\/2023\/04\/inauguracio-programa-impulsa-per-dones-emprenedores-hub4t-tecnocampus-2.png\" alt=\"\" width=\"500\" height=\"328\" srcset=\"https:\/\/hub4t.tecnocampus.cat\/wp-content\/uploads\/2023\/04\/inauguracio-programa-impulsa-per-dones-emprenedores-hub4t-tecnocampus-2.png 1137w, https:\/\/hub4t.tecnocampus.cat\/wp-content\/uploads\/2023\/04\/inauguracio-programa-impulsa-per-dones-emprenedores-hub4t-tecnocampus-2-300x197.png 300w, https:\/\/hub4t.tecnocampus.cat\/wp-content\/uploads\/2023\/04\/inauguracio-programa-impulsa-per-dones-emprenedores-hub4t-tecnocampus-2-1024x672.png 1024w, https:\/\/hub4t.tecnocampus.cat\/wp-content\/uploads\/2023\/04\/inauguracio-programa-impulsa-per-dones-emprenedores-hub4t-tecnocampus-2-768x504.png 768w\" sizes=\"(max-width: 500px) 100vw, 500px\" \/><\/p>\n<p>&nbsp;<\/p>\n<p>El programa, desarrollado por <a href=\"https:\/\/www.donatunimpuls.com\/\"><strong>D\u00f3na\u2019t un Impuls<\/strong><\/a> con la colaboraci\u00f3n de\u00a0<a href=\"https:\/\/hub4t.tecnocampus.cat\/es\/\"><strong>HUB4T<\/strong><\/a> del TecnoCampus y de la Asociaci\u00f3n <a href=\"http:\/\/donesreporteresdemataro.blogspot.com\/\"><strong>Dones Reporteres<\/strong><\/a>, ha sido el ganador de los <a href=\"https:\/\/www.mataro.cat\/ca\/portal-entitats\/que-oferim\/premis-fem-mataro\/premis-fem-mataro-2030-edicio-2022\">Premis Fem Matar\u00f3 2030<\/a> del Ayuntamiento de Matar\u00f3, edici\u00f3n 2022, Categor\u00eda 2:\u202f Iniciativas para captar, generar y retener talento para construir una ciudad rica en diversidad.<\/p>\n<p>La pr\u00f3xima sesi\u00f3n se llevar\u00e1 a cabo el d\u00eda 20 de abril, con la charla de \u201cAutoconocimiento y autoliderazgo\u201d y networking al acabar la sesi\u00f3n. Ser\u00e1 una jornada abierta a todo el mundo.<\/p>\n<p>&nbsp;<\/p>\n","protected":false},"excerpt":{"rendered":"<p>El pasado 13 de abril se inaugur\u00f3 el programa IMPULSA en TecnoCampus, que tiene como objetivo poner en valor las mujeres profesionales de Matar\u00f3 e incrementar su valor y su talento femenino. El programa tiene una duraci\u00f3n de 3 meses, donde las participantes desarrollar\u00e1n su talento y sus habilidades en 5 workshops (sobre autoconocimiento, comunicaci\u00f3n [&hellip;]<\/p>\n","protected":false},"author":10,"featured_media":2937,"comment_status":"closed","ping_status":"open","sticky":false,"template":"","format":"standard","meta":{"_acf_changed":false,"_et_pb_use_builder":"","_et_pb_old_content":"","_et_gb_content_width":"","inline_featured_image":false,"footnotes":""},"categories":[2],"tags":[],"class_list":["post-2940","post","type-post","status-publish","format-standard","has-post-thumbnail","hentry","category-actualidad-masters-y-postgrados-del-area-de-salud-empresa-tecnologia"],"acf":[],"yoast_head":"<!-- This site is optimized with the Yoast SEO plugin v27.3 - https:\/\/yoast.com\/product\/yoast-seo-wordpress\/ -->\n<title>Se inaugura el programa IMPULSA al TecnoCampus, que pose en valor en las mujeres que emprenden y lideran su carrera profesional - HUB4T<\/title>\n<meta name=\"robots\" content=\"index, follow, max-snippet:-1, max-image-preview:large, max-video-preview:-1\" \/>\n<link rel=\"canonical\" href=\"https:\/\/hub4t.tecnocampus.cat\/es\/sinaugura-el-programa-impulsa-al-tecnocampus-que-posa-en-valor-a-les-dones-que-emprenen-i-lideren-la-seva-carrera-professional\/\" \/>\n<meta property=\"og:locale\" content=\"es_ES\" \/>\n<meta property=\"og:type\" content=\"article\" \/>\n<meta property=\"og:title\" content=\"Se inaugura el programa IMPULSA al TecnoCampus, que pose en valor en las mujeres que emprenden y lideran su carrera profesional - HUB4T\" \/>\n<meta property=\"og:description\" content=\"El pasado 13 de abril se inaugur\u00f3 el programa IMPULSA en TecnoCampus, que tiene como objetivo poner en valor las mujeres profesionales de Matar\u00f3 e incrementar su valor y su talento femenino. El programa tiene una duraci\u00f3n de 3 meses, donde las participantes desarrollar\u00e1n su talento y sus habilidades en 5 workshops (sobre autoconocimiento, comunicaci\u00f3n [&hellip;]\" \/>\n<meta property=\"og:url\" content=\"https:\/\/hub4t.tecnocampus.cat\/es\/sinaugura-el-programa-impulsa-al-tecnocampus-que-posa-en-valor-a-les-dones-que-emprenen-i-lideren-la-seva-carrera-professional\/\" \/>\n<meta property=\"og:site_name\" content=\"HUB4T\" \/>\n<meta property=\"article:published_time\" content=\"2023-04-14T11:12:05+00:00\" \/>\n<meta property=\"article:modified_time\" content=\"2023-06-16T11:54:46+00:00\" \/>\n<meta property=\"og:image\" content=\"https:\/\/hub4t.tecnocampus.cat\/wp-content\/uploads\/2023\/04\/inauguracio-programa-impulsa-per-dones-emprenedores-hub4t-tecnocampus-2.png\" \/>\n\t<meta property=\"og:image:width\" content=\"1137\" \/>\n\t<meta property=\"og:image:height\" content=\"746\" \/>\n\t<meta property=\"og:image:type\" content=\"image\/png\" \/>\n<meta name=\"author\" content=\"HUB4T TecnoCampus\" \/>\n<meta name=\"twitter:card\" content=\"summary_large_image\" \/>\n<meta name=\"twitter:label1\" content=\"Escrito por\" \/>\n\t<meta name=\"twitter:data1\" content=\"HUB4T TecnoCampus\" \/>\n\t<meta name=\"twitter:label2\" content=\"Tiempo de lectura\" \/>\n\t<meta name=\"twitter:data2\" content=\"3 minutos\" \/>\n<script type=\"application\/ld+json\" class=\"yoast-schema-graph\">{\"@context\":\"https:\\\/\\\/schema.org\",\"@graph\":[{\"@type\":\"Article\",\"@id\":\"https:\\\/\\\/hub4t.tecnocampus.cat\\\/es\\\/sinaugura-el-programa-impulsa-al-tecnocampus-que-posa-en-valor-a-les-dones-que-emprenen-i-lideren-la-seva-carrera-professional\\\/#article\",\"isPartOf\":{\"@id\":\"https:\\\/\\\/hub4t.tecnocampus.cat\\\/es\\\/sinaugura-el-programa-impulsa-al-tecnocampus-que-posa-en-valor-a-les-dones-que-emprenen-i-lideren-la-seva-carrera-professional\\\/\"},\"author\":{\"name\":\"HUB4T TecnoCampus\",\"@id\":\"https:\\\/\\\/hub4t.tecnocampus.cat\\\/#\\\/schema\\\/person\\\/ef38e43f1d3b6bb7b4abb438664579b1\"},\"headline\":\"Se inaugura el programa IMPULSA al TecnoCampus, que pose en valor en las mujeres que emprenden y lideran su carrera profesional\",\"datePublished\":\"2023-04-14T11:12:05+00:00\",\"dateModified\":\"2023-06-16T11:54:46+00:00\",\"mainEntityOfPage\":{\"@id\":\"https:\\\/\\\/hub4t.tecnocampus.cat\\\/es\\\/sinaugura-el-programa-impulsa-al-tecnocampus-que-posa-en-valor-a-les-dones-que-emprenen-i-lideren-la-seva-carrera-professional\\\/\"},\"wordCount\":551,\"image\":{\"@id\":\"https:\\\/\\\/hub4t.tecnocampus.cat\\\/es\\\/sinaugura-el-programa-impulsa-al-tecnocampus-que-posa-en-valor-a-les-dones-que-emprenen-i-lideren-la-seva-carrera-professional\\\/#primaryimage\"},\"thumbnailUrl\":\"https:\\\/\\\/hub4t.tecnocampus.cat\\\/wp-content\\\/uploads\\\/2023\\\/04\\\/inauguracio-programa-impulsa-per-dones-emprenedores-hub4t-tecnocampus-2.png\",\"articleSection\":[\"Actualidad\"],\"inLanguage\":\"es\"},{\"@type\":\"WebPage\",\"@id\":\"https:\\\/\\\/hub4t.tecnocampus.cat\\\/es\\\/sinaugura-el-programa-impulsa-al-tecnocampus-que-posa-en-valor-a-les-dones-que-emprenen-i-lideren-la-seva-carrera-professional\\\/\",\"url\":\"https:\\\/\\\/hub4t.tecnocampus.cat\\\/es\\\/sinaugura-el-programa-impulsa-al-tecnocampus-que-posa-en-valor-a-les-dones-que-emprenen-i-lideren-la-seva-carrera-professional\\\/\",\"name\":\"Se inaugura el programa IMPULSA al TecnoCampus, que pose en valor en las mujeres que emprenden y lideran su carrera profesional - HUB4T\",\"isPartOf\":{\"@id\":\"https:\\\/\\\/hub4t.tecnocampus.cat\\\/#website\"},\"primaryImageOfPage\":{\"@id\":\"https:\\\/\\\/hub4t.tecnocampus.cat\\\/es\\\/sinaugura-el-programa-impulsa-al-tecnocampus-que-posa-en-valor-a-les-dones-que-emprenen-i-lideren-la-seva-carrera-professional\\\/#primaryimage\"},\"image\":{\"@id\":\"https:\\\/\\\/hub4t.tecnocampus.cat\\\/es\\\/sinaugura-el-programa-impulsa-al-tecnocampus-que-posa-en-valor-a-les-dones-que-emprenen-i-lideren-la-seva-carrera-professional\\\/#primaryimage\"},\"thumbnailUrl\":\"https:\\\/\\\/hub4t.tecnocampus.cat\\\/wp-content\\\/uploads\\\/2023\\\/04\\\/inauguracio-programa-impulsa-per-dones-emprenedores-hub4t-tecnocampus-2.png\",\"datePublished\":\"2023-04-14T11:12:05+00:00\",\"dateModified\":\"2023-06-16T11:54:46+00:00\",\"author\":{\"@id\":\"https:\\\/\\\/hub4t.tecnocampus.cat\\\/#\\\/schema\\\/person\\\/ef38e43f1d3b6bb7b4abb438664579b1\"},\"breadcrumb\":{\"@id\":\"https:\\\/\\\/hub4t.tecnocampus.cat\\\/es\\\/sinaugura-el-programa-impulsa-al-tecnocampus-que-posa-en-valor-a-les-dones-que-emprenen-i-lideren-la-seva-carrera-professional\\\/#breadcrumb\"},\"inLanguage\":\"es\",\"potentialAction\":[{\"@type\":\"ReadAction\",\"target\":[\"https:\\\/\\\/hub4t.tecnocampus.cat\\\/es\\\/sinaugura-el-programa-impulsa-al-tecnocampus-que-posa-en-valor-a-les-dones-que-emprenen-i-lideren-la-seva-carrera-professional\\\/\"]}]},{\"@type\":\"ImageObject\",\"inLanguage\":\"es\",\"@id\":\"https:\\\/\\\/hub4t.tecnocampus.cat\\\/es\\\/sinaugura-el-programa-impulsa-al-tecnocampus-que-posa-en-valor-a-les-dones-que-emprenen-i-lideren-la-seva-carrera-professional\\\/#primaryimage\",\"url\":\"https:\\\/\\\/hub4t.tecnocampus.cat\\\/wp-content\\\/uploads\\\/2023\\\/04\\\/inauguracio-programa-impulsa-per-dones-emprenedores-hub4t-tecnocampus-2.png\",\"contentUrl\":\"https:\\\/\\\/hub4t.tecnocampus.cat\\\/wp-content\\\/uploads\\\/2023\\\/04\\\/inauguracio-programa-impulsa-per-dones-emprenedores-hub4t-tecnocampus-2.png\",\"width\":1137,\"height\":746},{\"@type\":\"BreadcrumbList\",\"@id\":\"https:\\\/\\\/hub4t.tecnocampus.cat\\\/es\\\/sinaugura-el-programa-impulsa-al-tecnocampus-que-posa-en-valor-a-les-dones-que-emprenen-i-lideren-la-seva-carrera-professional\\\/#breadcrumb\",\"itemListElement\":[{\"@type\":\"ListItem\",\"position\":1,\"name\":\"Inici\",\"item\":\"https:\\\/\\\/hub4t.tecnocampus.cat\\\/\"},{\"@type\":\"ListItem\",\"position\":2,\"name\":\"Se inaugura el programa IMPULSA al TecnoCampus, que pose en valor en las mujeres que emprenden y lideran su carrera profesional\"}]},{\"@type\":\"WebSite\",\"@id\":\"https:\\\/\\\/hub4t.tecnocampus.cat\\\/#website\",\"url\":\"https:\\\/\\\/hub4t.tecnocampus.cat\\\/\",\"name\":\"HUB4T\",\"description\":\"Centre d&#039;estudis de postgrau i formaci\u00f3 permanent\",\"potentialAction\":[{\"@type\":\"SearchAction\",\"target\":{\"@type\":\"EntryPoint\",\"urlTemplate\":\"https:\\\/\\\/hub4t.tecnocampus.cat\\\/?s={search_term_string}\"},\"query-input\":{\"@type\":\"PropertyValueSpecification\",\"valueRequired\":true,\"valueName\":\"search_term_string\"}}],\"inLanguage\":\"es\"},{\"@type\":\"Person\",\"@id\":\"https:\\\/\\\/hub4t.tecnocampus.cat\\\/#\\\/schema\\\/person\\\/ef38e43f1d3b6bb7b4abb438664579b1\",\"name\":\"HUB4T TecnoCampus\",\"image\":{\"@type\":\"ImageObject\",\"inLanguage\":\"es\",\"@id\":\"https:\\\/\\\/secure.gravatar.com\\\/avatar\\\/d8188a292e0bdca3bf4b87796bfbf9541a578c25af7ae9c66bdc7505f097a8e2?s=96&d=mm&r=g\",\"url\":\"https:\\\/\\\/secure.gravatar.com\\\/avatar\\\/d8188a292e0bdca3bf4b87796bfbf9541a578c25af7ae9c66bdc7505f097a8e2?s=96&d=mm&r=g\",\"contentUrl\":\"https:\\\/\\\/secure.gravatar.com\\\/avatar\\\/d8188a292e0bdca3bf4b87796bfbf9541a578c25af7ae9c66bdc7505f097a8e2?s=96&d=mm&r=g\",\"caption\":\"HUB4T TecnoCampus\"},\"url\":\"https:\\\/\\\/hub4t.tecnocampus.cat\\\/es\\\/author\\\/hub4t-tecnocampus\\\/\"}]}<\/script>\n<!-- \/ Yoast SEO plugin. -->","yoast_head_json":{"title":"Se inaugura el programa IMPULSA al TecnoCampus, que pose en valor en las mujeres que emprenden y lideran su carrera profesional - HUB4T","robots":{"index":"index","follow":"follow","max-snippet":"max-snippet:-1","max-image-preview":"max-image-preview:large","max-video-preview":"max-video-preview:-1"},"canonical":"https:\/\/hub4t.tecnocampus.cat\/es\/sinaugura-el-programa-impulsa-al-tecnocampus-que-posa-en-valor-a-les-dones-que-emprenen-i-lideren-la-seva-carrera-professional\/","og_locale":"es_ES","og_type":"article","og_title":"Se inaugura el programa IMPULSA al TecnoCampus, que pose en valor en las mujeres que emprenden y lideran su carrera profesional - HUB4T","og_description":"El pasado 13 de abril se inaugur\u00f3 el programa IMPULSA en TecnoCampus, que tiene como objetivo poner en valor las mujeres profesionales de Matar\u00f3 e incrementar su valor y su talento femenino. El programa tiene una duraci\u00f3n de 3 meses, donde las participantes desarrollar\u00e1n su talento y sus habilidades en 5 workshops (sobre autoconocimiento, comunicaci\u00f3n [&hellip;]","og_url":"https:\/\/hub4t.tecnocampus.cat\/es\/sinaugura-el-programa-impulsa-al-tecnocampus-que-posa-en-valor-a-les-dones-que-emprenen-i-lideren-la-seva-carrera-professional\/","og_site_name":"HUB4T","article_published_time":"2023-04-14T11:12:05+00:00","article_modified_time":"2023-06-16T11:54:46+00:00","og_image":[{"width":1137,"height":746,"url":"https:\/\/hub4t.tecnocampus.cat\/wp-content\/uploads\/2023\/04\/inauguracio-programa-impulsa-per-dones-emprenedores-hub4t-tecnocampus-2.png","type":"image\/png"}],"author":"HUB4T TecnoCampus","twitter_card":"summary_large_image","twitter_misc":{"Escrito por":"HUB4T TecnoCampus","Tiempo de lectura":"3 minutos"},"schema":{"@context":"https:\/\/schema.org","@graph":[{"@type":"Article","@id":"https:\/\/hub4t.tecnocampus.cat\/es\/sinaugura-el-programa-impulsa-al-tecnocampus-que-posa-en-valor-a-les-dones-que-emprenen-i-lideren-la-seva-carrera-professional\/#article","isPartOf":{"@id":"https:\/\/hub4t.tecnocampus.cat\/es\/sinaugura-el-programa-impulsa-al-tecnocampus-que-posa-en-valor-a-les-dones-que-emprenen-i-lideren-la-seva-carrera-professional\/"},"author":{"name":"HUB4T TecnoCampus","@id":"https:\/\/hub4t.tecnocampus.cat\/#\/schema\/person\/ef38e43f1d3b6bb7b4abb438664579b1"},"headline":"Se inaugura el programa IMPULSA al TecnoCampus, que pose en valor en las mujeres que emprenden y lideran su carrera profesional","datePublished":"2023-04-14T11:12:05+00:00","dateModified":"2023-06-16T11:54:46+00:00","mainEntityOfPage":{"@id":"https:\/\/hub4t.tecnocampus.cat\/es\/sinaugura-el-programa-impulsa-al-tecnocampus-que-posa-en-valor-a-les-dones-que-emprenen-i-lideren-la-seva-carrera-professional\/"},"wordCount":551,"image":{"@id":"https:\/\/hub4t.tecnocampus.cat\/es\/sinaugura-el-programa-impulsa-al-tecnocampus-que-posa-en-valor-a-les-dones-que-emprenen-i-lideren-la-seva-carrera-professional\/#primaryimage"},"thumbnailUrl":"https:\/\/hub4t.tecnocampus.cat\/wp-content\/uploads\/2023\/04\/inauguracio-programa-impulsa-per-dones-emprenedores-hub4t-tecnocampus-2.png","articleSection":["Actualidad"],"inLanguage":"es"},{"@type":"WebPage","@id":"https:\/\/hub4t.tecnocampus.cat\/es\/sinaugura-el-programa-impulsa-al-tecnocampus-que-posa-en-valor-a-les-dones-que-emprenen-i-lideren-la-seva-carrera-professional\/","url":"https:\/\/hub4t.tecnocampus.cat\/es\/sinaugura-el-programa-impulsa-al-tecnocampus-que-posa-en-valor-a-les-dones-que-emprenen-i-lideren-la-seva-carrera-professional\/","name":"Se inaugura el programa IMPULSA al TecnoCampus, que pose en valor en las mujeres que emprenden y lideran su carrera profesional - HUB4T","isPartOf":{"@id":"https:\/\/hub4t.tecnocampus.cat\/#website"},"primaryImageOfPage":{"@id":"https:\/\/hub4t.tecnocampus.cat\/es\/sinaugura-el-programa-impulsa-al-tecnocampus-que-posa-en-valor-a-les-dones-que-emprenen-i-lideren-la-seva-carrera-professional\/#primaryimage"},"image":{"@id":"https:\/\/hub4t.tecnocampus.cat\/es\/sinaugura-el-programa-impulsa-al-tecnocampus-que-posa-en-valor-a-les-dones-que-emprenen-i-lideren-la-seva-carrera-professional\/#primaryimage"},"thumbnailUrl":"https:\/\/hub4t.tecnocampus.cat\/wp-content\/uploads\/2023\/04\/inauguracio-programa-impulsa-per-dones-emprenedores-hub4t-tecnocampus-2.png","datePublished":"2023-04-14T11:12:05+00:00","dateModified":"2023-06-16T11:54:46+00:00","author":{"@id":"https:\/\/hub4t.tecnocampus.cat\/#\/schema\/person\/ef38e43f1d3b6bb7b4abb438664579b1"},"breadcrumb":{"@id":"https:\/\/hub4t.tecnocampus.cat\/es\/sinaugura-el-programa-impulsa-al-tecnocampus-que-posa-en-valor-a-les-dones-que-emprenen-i-lideren-la-seva-carrera-professional\/#breadcrumb"},"inLanguage":"es","potentialAction":[{"@type":"ReadAction","target":["https:\/\/hub4t.tecnocampus.cat\/es\/sinaugura-el-programa-impulsa-al-tecnocampus-que-posa-en-valor-a-les-dones-que-emprenen-i-lideren-la-seva-carrera-professional\/"]}]},{"@type":"ImageObject","inLanguage":"es","@id":"https:\/\/hub4t.tecnocampus.cat\/es\/sinaugura-el-programa-impulsa-al-tecnocampus-que-posa-en-valor-a-les-dones-que-emprenen-i-lideren-la-seva-carrera-professional\/#primaryimage","url":"https:\/\/hub4t.tecnocampus.cat\/wp-content\/uploads\/2023\/04\/inauguracio-programa-impulsa-per-dones-emprenedores-hub4t-tecnocampus-2.png","contentUrl":"https:\/\/hub4t.tecnocampus.cat\/wp-content\/uploads\/2023\/04\/inauguracio-programa-impulsa-per-dones-emprenedores-hub4t-tecnocampus-2.png","width":1137,"height":746},{"@type":"BreadcrumbList","@id":"https:\/\/hub4t.tecnocampus.cat\/es\/sinaugura-el-programa-impulsa-al-tecnocampus-que-posa-en-valor-a-les-dones-que-emprenen-i-lideren-la-seva-carrera-professional\/#breadcrumb","itemListElement":[{"@type":"ListItem","position":1,"name":"Inici","item":"https:\/\/hub4t.tecnocampus.cat\/"},{"@type":"ListItem","position":2,"name":"Se inaugura el programa IMPULSA al TecnoCampus, que pose en valor en las mujeres que emprenden y lideran su carrera profesional"}]},{"@type":"WebSite","@id":"https:\/\/hub4t.tecnocampus.cat\/#website","url":"https:\/\/hub4t.tecnocampus.cat\/","name":"HUB4T","description":"Centre d&#039;estudis de postgrau i formaci\u00f3 permanent","potentialAction":[{"@type":"SearchAction","target":{"@type":"EntryPoint","urlTemplate":"https:\/\/hub4t.tecnocampus.cat\/?s={search_term_string}"},"query-input":{"@type":"PropertyValueSpecification","valueRequired":true,"valueName":"search_term_string"}}],"inLanguage":"es"},{"@type":"Person","@id":"https:\/\/hub4t.tecnocampus.cat\/#\/schema\/person\/ef38e43f1d3b6bb7b4abb438664579b1","name":"HUB4T TecnoCampus","image":{"@type":"ImageObject","inLanguage":"es","@id":"https:\/\/secure.gravatar.com\/avatar\/d8188a292e0bdca3bf4b87796bfbf9541a578c25af7ae9c66bdc7505f097a8e2?s=96&d=mm&r=g","url":"https:\/\/secure.gravatar.com\/avatar\/d8188a292e0bdca3bf4b87796bfbf9541a578c25af7ae9c66bdc7505f097a8e2?s=96&d=mm&r=g","contentUrl":"https:\/\/secure.gravatar.com\/avatar\/d8188a292e0bdca3bf4b87796bfbf9541a578c25af7ae9c66bdc7505f097a8e2?s=96&d=mm&r=g","caption":"HUB4T TecnoCampus"},"url":"https:\/\/hub4t.tecnocampus.cat\/es\/author\/hub4t-tecnocampus\/"}]}},"_links":{"self":[{"href":"https:\/\/hub4t.tecnocampus.cat\/es\/wp-json\/wp\/v2\/posts\/2940","targetHints":{"allow":["GET"]}}],"collection":[{"href":"https:\/\/hub4t.tecnocampus.cat\/es\/wp-json\/wp\/v2\/posts"}],"about":[{"href":"https:\/\/hub4t.tecnocampus.cat\/es\/wp-json\/wp\/v2\/types\/post"}],"author":[{"embeddable":true,"href":"https:\/\/hub4t.tecnocampus.cat\/es\/wp-json\/wp\/v2\/users\/10"}],"replies":[{"embeddable":true,"href":"https:\/\/hub4t.tecnocampus.cat\/es\/wp-json\/wp\/v2\/comments?post=2940"}],"version-history":[{"count":4,"href":"https:\/\/hub4t.tecnocampus.cat\/es\/wp-json\/wp\/v2\/posts\/2940\/revisions"}],"predecessor-version":[{"id":2944,"href":"https:\/\/hub4t.tecnocampus.cat\/es\/wp-json\/wp\/v2\/posts\/2940\/revisions\/2944"}],"wp:featuredmedia":[{"embeddable":true,"href":"https:\/\/hub4t.tecnocampus.cat\/es\/wp-json\/wp\/v2\/media\/2937"}],"wp:attachment":[{"href":"https:\/\/hub4t.tecnocampus.cat\/es\/wp-json\/wp\/v2\/media?parent=2940"}],"wp:term":[{"taxonomy":"category","embeddable":true,"href":"https:\/\/hub4t.tecnocampus.cat\/es\/wp-json\/wp\/v2\/categories?post=2940"},{"taxonomy":"post_tag","embeddable":true,"href":"https:\/\/hub4t.tecnocampus.cat\/es\/wp-json\/wp\/v2\/tags?post=2940"}],"curies":[{"name":"wp","href":"https:\/\/api.w.org\/{rel}","templated":true}]}}