{"id":3792,"date":"2023-11-23T15:33:11","date_gmt":"2023-11-23T13:33:11","guid":{"rendered":"https:\/\/hub4t.tecnocampus.cat\/?p=3792"},"modified":"2023-11-23T15:39:51","modified_gmt":"2023-11-23T13:39:51","slug":"exito-inicial-de-los-masters-oficiales-de-hub4t-tecnocampus","status":"publish","type":"post","link":"https:\/\/hub4t.tecnocampus.cat\/es\/exito-inicial-de-los-masters-oficiales-de-hub4t-tecnocampus\/","title":{"rendered":"\u00c9xito Inicial de los M\u00e1sters Oficiales de HUB4T-TecnoCampus"},"content":{"rendered":"<p>El pasado 6 de octubre se llev\u00f3 a cabo el evento de bienvenida para los estudiantes que han iniciado un m\u00e1ster universitario en TecnoCampus (titulaci\u00f3n oficial de la Universitat Pompeu Fabra) durante el presente curso acad\u00e9mico 2023-2024.<\/p>\n<p>Un mes despu\u00e9s, se conoce de primera mano c\u00f3mo ha transcurrido el inicio de curso de los m\u00e1steres universitarios en <a href=\"https:\/\/www.tecnocampus.cat\/es\/master\/master-universitari-en-emprenedoria-i-innovacio\">Emprendimiento e Innovaci\u00f3n<\/a>, <a href=\"https:\/\/www.tecnocampus.cat\/es\/master\/master-universitari-en-logistica-cadena-de-subministraments-i-negocis-maritims\">Log\u00edstica, Cadena de Suministros y Negocios Mar\u00edtimos<\/a>, y <a href=\"https:\/\/www.tecnocampus.cat\/es\/master\/master-universitari-en-entrenament-personal-i-readaptacio-fisicoesportiva\">Entrenamiento Personal y Readaptaci\u00f3n Fisicoesportiva<\/a>, desde la perspectiva de sus directores y coordinadores.<\/p>\n<p>&nbsp;<\/p>\n<p><img loading=\"lazy\" decoding=\"async\" class=\"aligncenter wp-image-3797\" src=\"https:\/\/hub4t.tecnocampus.cat\/wp-content\/uploads\/2023\/11\/bienvenida-master-oficiales-hub4t-tecnocampus-upf.jpeg\" alt=\"\" width=\"500\" height=\"307\" srcset=\"https:\/\/hub4t.tecnocampus.cat\/wp-content\/uploads\/2023\/11\/bienvenida-master-oficiales-hub4t-tecnocampus-upf.jpeg 1252w, https:\/\/hub4t.tecnocampus.cat\/wp-content\/uploads\/2023\/11\/bienvenida-master-oficiales-hub4t-tecnocampus-upf-300x184.jpeg 300w, https:\/\/hub4t.tecnocampus.cat\/wp-content\/uploads\/2023\/11\/bienvenida-master-oficiales-hub4t-tecnocampus-upf-1024x629.jpeg 1024w, https:\/\/hub4t.tecnocampus.cat\/wp-content\/uploads\/2023\/11\/bienvenida-master-oficiales-hub4t-tecnocampus-upf-768x472.jpeg 768w\" sizes=\"(max-width: 500px) 100vw, 500px\" \/><\/p>\n<p>&nbsp;<\/p>\n<p><strong><a href=\"https:\/\/www.linkedin.com\/in\/jesusemartinezm\/\">Jes\u00fas Mart\u00ednez<\/a><\/strong>, director del<strong> m\u00e1ster en <a href=\"https:\/\/www.tecnocampus.cat\/es\/master\/master-universitari-en-logistica-cadena-de-subministraments-i-negocis-maritims\">Log\u00edstica, Cadena de Suministros y Negocios Mar\u00edtimos<\/a><\/strong>, expone que, en esta ocasi\u00f3n con 35 estudiantes de seis nacionalidades diferentes, la quinta edici\u00f3n del m\u00e1ster universitario en log\u00edstica, cadena y suministros, y negocios mar\u00edtimos, ha zarpado con buen viento y buena mar, siendo un t\u00edtulo oficial de la Universitat Pompeu Fabra.<\/p>\n<p>En esta ocasi\u00f3n, el grupo mayoritariamente femenino, con una variedad de perfiles vinculados a la log\u00edstica, pero desde las perspectivas m\u00e1s diversas, ciertamente se complementar\u00e1n entre s\u00ed para lograr que esta edici\u00f3n, una vez m\u00e1s, permita formar un grupo muy ameno y con trabajo compartido.<\/p>\n<p>Inicialmente, se llev\u00f3 a cabo una sesi\u00f3n inaugural con la Dra. Valeria Bernardo, Coordinadora del M\u00e1ster, y la profesora Estela Pombo, tutora de pr\u00e1cticas curriculares. Por su parte, Jes\u00fas Mart\u00ednez afirm\u00f3: \u00abEste m\u00e1ster es cada vez m\u00e1s atractivo y demandado, llegando este a\u00f1o a recibir m\u00e1s de ciento veinte solicitudes\u00bb. Mart\u00ednez asegur\u00f3 que, despu\u00e9s de un arduo proceso de selecci\u00f3n, ya contamos con nuestros estudiantes dispuestos a comenzar esta aventura acompa\u00f1ados y guiados por un equipo docente comprometido con el buen desarrollo acad\u00e9mico y profesional de todos nuestros estudiantes.<\/p>\n<p>La sesi\u00f3n general estuvo a cargo de HUB4T TecnoCampus y posteriormente realizaron una visita guiada a las instalaciones tanto empresariales como universitarias, ubicadas dentro del Campus Universitario. Al finalizar, se llev\u00f3 a cabo un refrigerio donde todos disfrutaron de una velada llena de ilusiones.<\/p>\n<p>&nbsp;<\/p>\n<p><img loading=\"lazy\" decoding=\"async\" class=\"aligncenter wp-image-3784\" src=\"https:\/\/hub4t.tecnocampus.cat\/wp-content\/uploads\/2023\/11\/bienvenida-master-oficial-logistica-hub4t-tecnocampus-upf-1.jpg\" alt=\"\" width=\"500\" height=\"303\" srcset=\"https:\/\/hub4t.tecnocampus.cat\/wp-content\/uploads\/2023\/11\/bienvenida-master-oficial-logistica-hub4t-tecnocampus-upf-1.jpg 837w, https:\/\/hub4t.tecnocampus.cat\/wp-content\/uploads\/2023\/11\/bienvenida-master-oficial-logistica-hub4t-tecnocampus-upf-1-300x182.jpg 300w, https:\/\/hub4t.tecnocampus.cat\/wp-content\/uploads\/2023\/11\/bienvenida-master-oficial-logistica-hub4t-tecnocampus-upf-1-768x465.jpg 768w\" sizes=\"(max-width: 500px) 100vw, 500px\" \/><\/p>\n<p>&nbsp;<\/p>\n<p><strong><a href=\"https:\/\/www.linkedin.com\/in\/giustigiovanni\/\">Giovanni Giusti<\/a><\/strong>, director del <strong>m\u00e1ster en <a href=\"https:\/\/www.tecnocampus.cat\/es\/master\/master-universitari-en-emprenedoria-i-innovacio\">Emprendimiento e Innovaci\u00f3n<\/a><\/strong>, explica que este a\u00f1o cuentan con un grupo de 25 estudiantes de 11 pa\u00edses diferentes: China, Honduras, Holanda, Ecuador, Chile, Rep\u00fablica Checa, Palestina, Bielorrusia, Argentina, Italia y Francia. Ha sido todo un desaf\u00edo recibir a personas tan diversas de todo el mundo, un desaf\u00edo que, como cada a\u00f1o, encuentran muy emocionante y sobre todo beneficioso para establecer contactos internacionales.<\/p>\n<p>Durante este primer mes de clases, ya se han empezado a abordar los temas m\u00e1s importantes de las primeras fases del emprendimiento, como la propuesta de valor y el modelo de negocio, para poco a poco ampliar el conocimiento de los estudiantes, especialmente en relaci\u00f3n con la implementaci\u00f3n de la innovaci\u00f3n. No solo se han impartido clases te\u00f3ricas por parte de los profesores, sino que los estudiantes tambi\u00e9n han comenzado a aplicar los conocimientos adquiridos a trav\u00e9s de los grupos reducidos de seminarios. Estos seminarios se basan en la metodolog\u00eda del Aprendizaje Basado en Proyectos y se desarrollan en el marco de cada asignatura.<\/p>\n<p>Por otro lado, durante estas primeras semanas, tambi\u00e9n ha sido posible comenzar a conocer a grandes emprendedores que nos han visitado para explicarnos su experiencia.<\/p>\n<p>Giusti destaca: \u00abTenemos muchas esperanzas puestas en este grupo de 25 emprendedores, estamos convencidos de que surgir\u00e1n proyectos muy interesantes\u00bb.<\/p>\n<p>&nbsp;<\/p>\n<p><img loading=\"lazy\" decoding=\"async\" class=\"aligncenter wp-image-3780\" src=\"https:\/\/hub4t.tecnocampus.cat\/wp-content\/uploads\/2023\/11\/bienvenida-master-oficial-emprendimiento-hub4t-tecnocampus-upf.jpeg\" alt=\"\" width=\"500\" height=\"314\" srcset=\"https:\/\/hub4t.tecnocampus.cat\/wp-content\/uploads\/2023\/11\/bienvenida-master-oficial-emprendimiento-hub4t-tecnocampus-upf.jpeg 828w, https:\/\/hub4t.tecnocampus.cat\/wp-content\/uploads\/2023\/11\/bienvenida-master-oficial-emprendimiento-hub4t-tecnocampus-upf-300x188.jpeg 300w, https:\/\/hub4t.tecnocampus.cat\/wp-content\/uploads\/2023\/11\/bienvenida-master-oficial-emprendimiento-hub4t-tecnocampus-upf-768x482.jpeg 768w\" sizes=\"(max-width: 500px) 100vw, 500px\" \/><\/p>\n<p>&nbsp;<\/p>\n<p><strong><a href=\"https:\/\/www.linkedin.com\/in\/saragonz%C3%A1lezmill%C3%A1n\/\">Sara Gonz\u00e1lez<\/a><\/strong>, coordinadora acad\u00e9mica del <strong>m\u00e1ster en <a href=\"https:\/\/www.tecnocampus.cat\/es\/master\/master-universitari-en-entrenament-personal-i-readaptacio-fisicoesportiva\">Entrenamiento Personal y Readaptaci\u00f3n Fisicoesportiva<\/a><\/strong>, expresa que el inicio de la quinta edici\u00f3n del programa ha sido excelente. Los alumnos han centrado su atenci\u00f3n en la primera asignatura del programa: \u00abBases anat\u00f3micas, fisiol\u00f3gicas y biomec\u00e1nicas aplicadas al entrenamiento personal\u00bb.<\/p>\n<p>La formaci\u00f3n de \u00abBases anat\u00f3micas aplicadas al entrenamiento personal\u00bb ha sido impartida por el Sr. Jordi Torras y el Dr. Ferran Abat, especialista en traumatolog\u00eda deportiva y cirug\u00eda ortop\u00e9dica, especialmente en el tratamiento y cirug\u00eda de lesiones musculares y tendinosas, adem\u00e1s de ponente en congresos internacionales. Tambi\u00e9n es fundador y director m\u00e9dico de ReSport Clinic, un centro avanzado de traumatolog\u00eda deportiva interdisciplinaria en Barcelona.<\/p>\n<p>Ha escrito m\u00faltiples art\u00edculos para revistas m\u00e9dicas internacionales como The American Journal of Sports Medicine o KSSTA \u2013 The official journal of ESSKA, as\u00ed como varios cap\u00edtulos de libros sobre traumatolog\u00eda deportiva.<\/p>\n<p>La suma de a\u00f1os de experiencia, investigaci\u00f3n y divulgaci\u00f3n ha llevado a que la comunidad m\u00e9dica lo considere un referente mundial en la t\u00e9cnica de la Electr\u00f3lisis Ecoguiada (USGET) con anestesia.<\/p>\n<p>Abat afirma: \u00abTengo la convicci\u00f3n de que el deporte puede hacer de este mundo un lugar mejor, y mi visi\u00f3n es la de una comunidad de deportistas con s\u00f3lidos valores y consciente y respetuosa con las capacidades f\u00edsicas de cada uno, capacidades que se pueden potenciar, pero sobre todo cuidar\u00bb.<\/p>\n<p>La Dra. Carla P\u00e9rez-Chirinos y el Dr. Ventura Ferrer han sido los responsables de la ense\u00f1anza en \u00abBases biomec\u00e1nicas aplicadas al entrenamiento personal\u00bb.<\/p>\n<p>Durante las semanas posteriores, se ha continuado el aprendizaje de manera online de esta asignatura, de la mano del Dr. Ferran Abat, con la formaci\u00f3n de bases anat\u00f3micas, y el Dr. V\u00edctor Toro con la formaci\u00f3n de \u00abBases fisiol\u00f3gicas aplicadas al entrenamiento personal\u00bb.<\/p>\n<p>&nbsp;<\/p>\n<p><img loading=\"lazy\" decoding=\"async\" class=\"aligncenter wp-image-3786\" src=\"https:\/\/hub4t.tecnocampus.cat\/wp-content\/uploads\/2023\/11\/bienvenida-master-oficial-entrenamiento-personal-hub4t-tecnocampus-upf.jpg\" alt=\"\" width=\"500\" height=\"317\" srcset=\"https:\/\/hub4t.tecnocampus.cat\/wp-content\/uploads\/2023\/11\/bienvenida-master-oficial-entrenamiento-personal-hub4t-tecnocampus-upf.jpg 1536w, https:\/\/hub4t.tecnocampus.cat\/wp-content\/uploads\/2023\/11\/bienvenida-master-oficial-entrenamiento-personal-hub4t-tecnocampus-upf-300x190.jpg 300w, https:\/\/hub4t.tecnocampus.cat\/wp-content\/uploads\/2023\/11\/bienvenida-master-oficial-entrenamiento-personal-hub4t-tecnocampus-upf-1024x649.jpg 1024w, https:\/\/hub4t.tecnocampus.cat\/wp-content\/uploads\/2023\/11\/bienvenida-master-oficial-entrenamiento-personal-hub4t-tecnocampus-upf-768x487.jpg 768w\" sizes=\"(max-width: 500px) 100vw, 500px\" \/><\/p>\n","protected":false},"excerpt":{"rendered":"<p>El pasado 6 de octubre se llev\u00f3 a cabo el evento de bienvenida para los estudiantes que han iniciado un m\u00e1ster universitario en TecnoCampus (titulaci\u00f3n oficial de la Universitat Pompeu Fabra) durante el presente curso acad\u00e9mico 2023-2024. Un mes despu\u00e9s, se conoce de primera mano c\u00f3mo ha transcurrido el inicio de curso de los m\u00e1steres [&hellip;]<\/p>\n","protected":false},"author":10,"featured_media":3790,"comment_status":"closed","ping_status":"open","sticky":false,"template":"","format":"standard","meta":{"_acf_changed":false,"_et_pb_use_builder":"","_et_pb_old_content":"","_et_gb_content_width":"","inline_featured_image":false,"footnotes":""},"categories":[2],"tags":[],"class_list":["post-3792","post","type-post","status-publish","format-standard","has-post-thumbnail","hentry","category-actualidad-masters-y-postgrados-del-area-de-salud-empresa-tecnologia"],"acf":[],"yoast_head":"<!-- This site is optimized with the Yoast SEO plugin v27.3 - https:\/\/yoast.com\/product\/yoast-seo-wordpress\/ -->\n<title>\u00c9xito Inicial de los M\u00e1sters Oficiales de HUB4T-TecnoCampus - HUB4T<\/title>\n<meta name=\"robots\" content=\"index, follow, max-snippet:-1, max-image-preview:large, max-video-preview:-1\" \/>\n<link rel=\"canonical\" href=\"https:\/\/hub4t.tecnocampus.cat\/es\/exito-inicial-de-los-masters-oficiales-de-hub4t-tecnocampus\/\" \/>\n<meta property=\"og:locale\" content=\"es_ES\" \/>\n<meta property=\"og:type\" content=\"article\" \/>\n<meta property=\"og:title\" content=\"\u00c9xito Inicial de los M\u00e1sters Oficiales de HUB4T-TecnoCampus - HUB4T\" \/>\n<meta property=\"og:description\" content=\"El pasado 6 de octubre se llev\u00f3 a cabo el evento de bienvenida para los estudiantes que han iniciado un m\u00e1ster universitario en TecnoCampus (titulaci\u00f3n oficial de la Universitat Pompeu Fabra) durante el presente curso acad\u00e9mico 2023-2024. Un mes despu\u00e9s, se conoce de primera mano c\u00f3mo ha transcurrido el inicio de curso de los m\u00e1steres [&hellip;]\" \/>\n<meta property=\"og:url\" content=\"https:\/\/hub4t.tecnocampus.cat\/es\/exito-inicial-de-los-masters-oficiales-de-hub4t-tecnocampus\/\" \/>\n<meta property=\"og:site_name\" content=\"HUB4T\" \/>\n<meta property=\"article:published_time\" content=\"2023-11-23T13:33:11+00:00\" \/>\n<meta property=\"article:modified_time\" content=\"2023-11-23T13:39:51+00:00\" \/>\n<meta property=\"og:image\" content=\"https:\/\/hub4t.tecnocampus.cat\/wp-content\/uploads\/2023\/11\/bienvenida-master-oficial-emprendimiento-innovacion-hub4t-tecnocampus-upf.jpeg\" \/>\n\t<meta property=\"og:image:width\" content=\"824\" \/>\n\t<meta property=\"og:image:height\" content=\"606\" \/>\n\t<meta property=\"og:image:type\" content=\"image\/jpeg\" \/>\n<meta name=\"author\" content=\"HUB4T TecnoCampus\" \/>\n<meta name=\"twitter:card\" content=\"summary_large_image\" \/>\n<meta name=\"twitter:label1\" content=\"Escrito por\" \/>\n\t<meta name=\"twitter:data1\" content=\"HUB4T TecnoCampus\" \/>\n\t<meta name=\"twitter:label2\" content=\"Tiempo de lectura\" \/>\n\t<meta name=\"twitter:data2\" content=\"6 minutos\" \/>\n<script type=\"application\/ld+json\" class=\"yoast-schema-graph\">{\"@context\":\"https:\\\/\\\/schema.org\",\"@graph\":[{\"@type\":\"Article\",\"@id\":\"https:\\\/\\\/hub4t.tecnocampus.cat\\\/es\\\/exito-inicial-de-los-masters-oficiales-de-hub4t-tecnocampus\\\/#article\",\"isPartOf\":{\"@id\":\"https:\\\/\\\/hub4t.tecnocampus.cat\\\/es\\\/exito-inicial-de-los-masters-oficiales-de-hub4t-tecnocampus\\\/\"},\"author\":{\"name\":\"HUB4T TecnoCampus\",\"@id\":\"https:\\\/\\\/hub4t.tecnocampus.cat\\\/#\\\/schema\\\/person\\\/ef38e43f1d3b6bb7b4abb438664579b1\"},\"headline\":\"\u00c9xito Inicial de los M\u00e1sters Oficiales de HUB4T-TecnoCampus\",\"datePublished\":\"2023-11-23T13:33:11+00:00\",\"dateModified\":\"2023-11-23T13:39:51+00:00\",\"mainEntityOfPage\":{\"@id\":\"https:\\\/\\\/hub4t.tecnocampus.cat\\\/es\\\/exito-inicial-de-los-masters-oficiales-de-hub4t-tecnocampus\\\/\"},\"wordCount\":935,\"image\":{\"@id\":\"https:\\\/\\\/hub4t.tecnocampus.cat\\\/es\\\/exito-inicial-de-los-masters-oficiales-de-hub4t-tecnocampus\\\/#primaryimage\"},\"thumbnailUrl\":\"https:\\\/\\\/hub4t.tecnocampus.cat\\\/wp-content\\\/uploads\\\/2023\\\/11\\\/bienvenida-master-oficial-emprendimiento-innovacion-hub4t-tecnocampus-upf.jpeg\",\"articleSection\":[\"Actualidad\"],\"inLanguage\":\"es\"},{\"@type\":\"WebPage\",\"@id\":\"https:\\\/\\\/hub4t.tecnocampus.cat\\\/es\\\/exito-inicial-de-los-masters-oficiales-de-hub4t-tecnocampus\\\/\",\"url\":\"https:\\\/\\\/hub4t.tecnocampus.cat\\\/es\\\/exito-inicial-de-los-masters-oficiales-de-hub4t-tecnocampus\\\/\",\"name\":\"\u00c9xito Inicial de los M\u00e1sters Oficiales de HUB4T-TecnoCampus - HUB4T\",\"isPartOf\":{\"@id\":\"https:\\\/\\\/hub4t.tecnocampus.cat\\\/#website\"},\"primaryImageOfPage\":{\"@id\":\"https:\\\/\\\/hub4t.tecnocampus.cat\\\/es\\\/exito-inicial-de-los-masters-oficiales-de-hub4t-tecnocampus\\\/#primaryimage\"},\"image\":{\"@id\":\"https:\\\/\\\/hub4t.tecnocampus.cat\\\/es\\\/exito-inicial-de-los-masters-oficiales-de-hub4t-tecnocampus\\\/#primaryimage\"},\"thumbnailUrl\":\"https:\\\/\\\/hub4t.tecnocampus.cat\\\/wp-content\\\/uploads\\\/2023\\\/11\\\/bienvenida-master-oficial-emprendimiento-innovacion-hub4t-tecnocampus-upf.jpeg\",\"datePublished\":\"2023-11-23T13:33:11+00:00\",\"dateModified\":\"2023-11-23T13:39:51+00:00\",\"author\":{\"@id\":\"https:\\\/\\\/hub4t.tecnocampus.cat\\\/#\\\/schema\\\/person\\\/ef38e43f1d3b6bb7b4abb438664579b1\"},\"breadcrumb\":{\"@id\":\"https:\\\/\\\/hub4t.tecnocampus.cat\\\/es\\\/exito-inicial-de-los-masters-oficiales-de-hub4t-tecnocampus\\\/#breadcrumb\"},\"inLanguage\":\"es\",\"potentialAction\":[{\"@type\":\"ReadAction\",\"target\":[\"https:\\\/\\\/hub4t.tecnocampus.cat\\\/es\\\/exito-inicial-de-los-masters-oficiales-de-hub4t-tecnocampus\\\/\"]}]},{\"@type\":\"ImageObject\",\"inLanguage\":\"es\",\"@id\":\"https:\\\/\\\/hub4t.tecnocampus.cat\\\/es\\\/exito-inicial-de-los-masters-oficiales-de-hub4t-tecnocampus\\\/#primaryimage\",\"url\":\"https:\\\/\\\/hub4t.tecnocampus.cat\\\/wp-content\\\/uploads\\\/2023\\\/11\\\/bienvenida-master-oficial-emprendimiento-innovacion-hub4t-tecnocampus-upf.jpeg\",\"contentUrl\":\"https:\\\/\\\/hub4t.tecnocampus.cat\\\/wp-content\\\/uploads\\\/2023\\\/11\\\/bienvenida-master-oficial-emprendimiento-innovacion-hub4t-tecnocampus-upf.jpeg\",\"width\":824,\"height\":606},{\"@type\":\"BreadcrumbList\",\"@id\":\"https:\\\/\\\/hub4t.tecnocampus.cat\\\/es\\\/exito-inicial-de-los-masters-oficiales-de-hub4t-tecnocampus\\\/#breadcrumb\",\"itemListElement\":[{\"@type\":\"ListItem\",\"position\":1,\"name\":\"Inici\",\"item\":\"https:\\\/\\\/hub4t.tecnocampus.cat\\\/\"},{\"@type\":\"ListItem\",\"position\":2,\"name\":\"\u00c9xito Inicial de los M\u00e1sters Oficiales de HUB4T-TecnoCampus\"}]},{\"@type\":\"WebSite\",\"@id\":\"https:\\\/\\\/hub4t.tecnocampus.cat\\\/#website\",\"url\":\"https:\\\/\\\/hub4t.tecnocampus.cat\\\/\",\"name\":\"HUB4T\",\"description\":\"Centre d&#039;estudis de postgrau i formaci\u00f3 permanent\",\"potentialAction\":[{\"@type\":\"SearchAction\",\"target\":{\"@type\":\"EntryPoint\",\"urlTemplate\":\"https:\\\/\\\/hub4t.tecnocampus.cat\\\/?s={search_term_string}\"},\"query-input\":{\"@type\":\"PropertyValueSpecification\",\"valueRequired\":true,\"valueName\":\"search_term_string\"}}],\"inLanguage\":\"es\"},{\"@type\":\"Person\",\"@id\":\"https:\\\/\\\/hub4t.tecnocampus.cat\\\/#\\\/schema\\\/person\\\/ef38e43f1d3b6bb7b4abb438664579b1\",\"name\":\"HUB4T TecnoCampus\",\"image\":{\"@type\":\"ImageObject\",\"inLanguage\":\"es\",\"@id\":\"https:\\\/\\\/secure.gravatar.com\\\/avatar\\\/d8188a292e0bdca3bf4b87796bfbf9541a578c25af7ae9c66bdc7505f097a8e2?s=96&d=mm&r=g\",\"url\":\"https:\\\/\\\/secure.gravatar.com\\\/avatar\\\/d8188a292e0bdca3bf4b87796bfbf9541a578c25af7ae9c66bdc7505f097a8e2?s=96&d=mm&r=g\",\"contentUrl\":\"https:\\\/\\\/secure.gravatar.com\\\/avatar\\\/d8188a292e0bdca3bf4b87796bfbf9541a578c25af7ae9c66bdc7505f097a8e2?s=96&d=mm&r=g\",\"caption\":\"HUB4T TecnoCampus\"},\"url\":\"https:\\\/\\\/hub4t.tecnocampus.cat\\\/es\\\/author\\\/hub4t-tecnocampus\\\/\"}]}<\/script>\n<!-- \/ Yoast SEO plugin. -->","yoast_head_json":{"title":"\u00c9xito Inicial de los M\u00e1sters Oficiales de HUB4T-TecnoCampus - HUB4T","robots":{"index":"index","follow":"follow","max-snippet":"max-snippet:-1","max-image-preview":"max-image-preview:large","max-video-preview":"max-video-preview:-1"},"canonical":"https:\/\/hub4t.tecnocampus.cat\/es\/exito-inicial-de-los-masters-oficiales-de-hub4t-tecnocampus\/","og_locale":"es_ES","og_type":"article","og_title":"\u00c9xito Inicial de los M\u00e1sters Oficiales de HUB4T-TecnoCampus - HUB4T","og_description":"El pasado 6 de octubre se llev\u00f3 a cabo el evento de bienvenida para los estudiantes que han iniciado un m\u00e1ster universitario en TecnoCampus (titulaci\u00f3n oficial de la Universitat Pompeu Fabra) durante el presente curso acad\u00e9mico 2023-2024. Un mes despu\u00e9s, se conoce de primera mano c\u00f3mo ha transcurrido el inicio de curso de los m\u00e1steres [&hellip;]","og_url":"https:\/\/hub4t.tecnocampus.cat\/es\/exito-inicial-de-los-masters-oficiales-de-hub4t-tecnocampus\/","og_site_name":"HUB4T","article_published_time":"2023-11-23T13:33:11+00:00","article_modified_time":"2023-11-23T13:39:51+00:00","og_image":[{"width":824,"height":606,"url":"https:\/\/hub4t.tecnocampus.cat\/wp-content\/uploads\/2023\/11\/bienvenida-master-oficial-emprendimiento-innovacion-hub4t-tecnocampus-upf.jpeg","type":"image\/jpeg"}],"author":"HUB4T TecnoCampus","twitter_card":"summary_large_image","twitter_misc":{"Escrito por":"HUB4T TecnoCampus","Tiempo de lectura":"6 minutos"},"schema":{"@context":"https:\/\/schema.org","@graph":[{"@type":"Article","@id":"https:\/\/hub4t.tecnocampus.cat\/es\/exito-inicial-de-los-masters-oficiales-de-hub4t-tecnocampus\/#article","isPartOf":{"@id":"https:\/\/hub4t.tecnocampus.cat\/es\/exito-inicial-de-los-masters-oficiales-de-hub4t-tecnocampus\/"},"author":{"name":"HUB4T TecnoCampus","@id":"https:\/\/hub4t.tecnocampus.cat\/#\/schema\/person\/ef38e43f1d3b6bb7b4abb438664579b1"},"headline":"\u00c9xito Inicial de los M\u00e1sters Oficiales de HUB4T-TecnoCampus","datePublished":"2023-11-23T13:33:11+00:00","dateModified":"2023-11-23T13:39:51+00:00","mainEntityOfPage":{"@id":"https:\/\/hub4t.tecnocampus.cat\/es\/exito-inicial-de-los-masters-oficiales-de-hub4t-tecnocampus\/"},"wordCount":935,"image":{"@id":"https:\/\/hub4t.tecnocampus.cat\/es\/exito-inicial-de-los-masters-oficiales-de-hub4t-tecnocampus\/#primaryimage"},"thumbnailUrl":"https:\/\/hub4t.tecnocampus.cat\/wp-content\/uploads\/2023\/11\/bienvenida-master-oficial-emprendimiento-innovacion-hub4t-tecnocampus-upf.jpeg","articleSection":["Actualidad"],"inLanguage":"es"},{"@type":"WebPage","@id":"https:\/\/hub4t.tecnocampus.cat\/es\/exito-inicial-de-los-masters-oficiales-de-hub4t-tecnocampus\/","url":"https:\/\/hub4t.tecnocampus.cat\/es\/exito-inicial-de-los-masters-oficiales-de-hub4t-tecnocampus\/","name":"\u00c9xito Inicial de los M\u00e1sters Oficiales de HUB4T-TecnoCampus - HUB4T","isPartOf":{"@id":"https:\/\/hub4t.tecnocampus.cat\/#website"},"primaryImageOfPage":{"@id":"https:\/\/hub4t.tecnocampus.cat\/es\/exito-inicial-de-los-masters-oficiales-de-hub4t-tecnocampus\/#primaryimage"},"image":{"@id":"https:\/\/hub4t.tecnocampus.cat\/es\/exito-inicial-de-los-masters-oficiales-de-hub4t-tecnocampus\/#primaryimage"},"thumbnailUrl":"https:\/\/hub4t.tecnocampus.cat\/wp-content\/uploads\/2023\/11\/bienvenida-master-oficial-emprendimiento-innovacion-hub4t-tecnocampus-upf.jpeg","datePublished":"2023-11-23T13:33:11+00:00","dateModified":"2023-11-23T13:39:51+00:00","author":{"@id":"https:\/\/hub4t.tecnocampus.cat\/#\/schema\/person\/ef38e43f1d3b6bb7b4abb438664579b1"},"breadcrumb":{"@id":"https:\/\/hub4t.tecnocampus.cat\/es\/exito-inicial-de-los-masters-oficiales-de-hub4t-tecnocampus\/#breadcrumb"},"inLanguage":"es","potentialAction":[{"@type":"ReadAction","target":["https:\/\/hub4t.tecnocampus.cat\/es\/exito-inicial-de-los-masters-oficiales-de-hub4t-tecnocampus\/"]}]},{"@type":"ImageObject","inLanguage":"es","@id":"https:\/\/hub4t.tecnocampus.cat\/es\/exito-inicial-de-los-masters-oficiales-de-hub4t-tecnocampus\/#primaryimage","url":"https:\/\/hub4t.tecnocampus.cat\/wp-content\/uploads\/2023\/11\/bienvenida-master-oficial-emprendimiento-innovacion-hub4t-tecnocampus-upf.jpeg","contentUrl":"https:\/\/hub4t.tecnocampus.cat\/wp-content\/uploads\/2023\/11\/bienvenida-master-oficial-emprendimiento-innovacion-hub4t-tecnocampus-upf.jpeg","width":824,"height":606},{"@type":"BreadcrumbList","@id":"https:\/\/hub4t.tecnocampus.cat\/es\/exito-inicial-de-los-masters-oficiales-de-hub4t-tecnocampus\/#breadcrumb","itemListElement":[{"@type":"ListItem","position":1,"name":"Inici","item":"https:\/\/hub4t.tecnocampus.cat\/"},{"@type":"ListItem","position":2,"name":"\u00c9xito Inicial de los M\u00e1sters Oficiales de HUB4T-TecnoCampus"}]},{"@type":"WebSite","@id":"https:\/\/hub4t.tecnocampus.cat\/#website","url":"https:\/\/hub4t.tecnocampus.cat\/","name":"HUB4T","description":"Centre d&#039;estudis de postgrau i formaci\u00f3 permanent","potentialAction":[{"@type":"SearchAction","target":{"@type":"EntryPoint","urlTemplate":"https:\/\/hub4t.tecnocampus.cat\/?s={search_term_string}"},"query-input":{"@type":"PropertyValueSpecification","valueRequired":true,"valueName":"search_term_string"}}],"inLanguage":"es"},{"@type":"Person","@id":"https:\/\/hub4t.tecnocampus.cat\/#\/schema\/person\/ef38e43f1d3b6bb7b4abb438664579b1","name":"HUB4T TecnoCampus","image":{"@type":"ImageObject","inLanguage":"es","@id":"https:\/\/secure.gravatar.com\/avatar\/d8188a292e0bdca3bf4b87796bfbf9541a578c25af7ae9c66bdc7505f097a8e2?s=96&d=mm&r=g","url":"https:\/\/secure.gravatar.com\/avatar\/d8188a292e0bdca3bf4b87796bfbf9541a578c25af7ae9c66bdc7505f097a8e2?s=96&d=mm&r=g","contentUrl":"https:\/\/secure.gravatar.com\/avatar\/d8188a292e0bdca3bf4b87796bfbf9541a578c25af7ae9c66bdc7505f097a8e2?s=96&d=mm&r=g","caption":"HUB4T TecnoCampus"},"url":"https:\/\/hub4t.tecnocampus.cat\/es\/author\/hub4t-tecnocampus\/"}]}},"_links":{"self":[{"href":"https:\/\/hub4t.tecnocampus.cat\/es\/wp-json\/wp\/v2\/posts\/3792","targetHints":{"allow":["GET"]}}],"collection":[{"href":"https:\/\/hub4t.tecnocampus.cat\/es\/wp-json\/wp\/v2\/posts"}],"about":[{"href":"https:\/\/hub4t.tecnocampus.cat\/es\/wp-json\/wp\/v2\/types\/post"}],"author":[{"embeddable":true,"href":"https:\/\/hub4t.tecnocampus.cat\/es\/wp-json\/wp\/v2\/users\/10"}],"replies":[{"embeddable":true,"href":"https:\/\/hub4t.tecnocampus.cat\/es\/wp-json\/wp\/v2\/comments?post=3792"}],"version-history":[{"count":5,"href":"https:\/\/hub4t.tecnocampus.cat\/es\/wp-json\/wp\/v2\/posts\/3792\/revisions"}],"predecessor-version":[{"id":3799,"href":"https:\/\/hub4t.tecnocampus.cat\/es\/wp-json\/wp\/v2\/posts\/3792\/revisions\/3799"}],"wp:featuredmedia":[{"embeddable":true,"href":"https:\/\/hub4t.tecnocampus.cat\/es\/wp-json\/wp\/v2\/media\/3790"}],"wp:attachment":[{"href":"https:\/\/hub4t.tecnocampus.cat\/es\/wp-json\/wp\/v2\/media?parent=3792"}],"wp:term":[{"taxonomy":"category","embeddable":true,"href":"https:\/\/hub4t.tecnocampus.cat\/es\/wp-json\/wp\/v2\/categories?post=3792"},{"taxonomy":"post_tag","embeddable":true,"href":"https:\/\/hub4t.tecnocampus.cat\/es\/wp-json\/wp\/v2\/tags?post=3792"}],"curies":[{"name":"wp","href":"https:\/\/api.w.org\/{rel}","templated":true}]}}