{"id":3811,"date":"2023-11-28T10:19:51","date_gmt":"2023-11-28T08:19:51","guid":{"rendered":"https:\/\/hub4t.tecnocampus.cat\/?p=3811"},"modified":"2023-11-28T10:20:02","modified_gmt":"2023-11-28T08:20:02","slug":"preparate-para-los-desastres-y-las-situaciones-criticas-con-el-nuevo-curso-del-tecnocampus","status":"publish","type":"post","link":"https:\/\/hub4t.tecnocampus.cat\/es\/preparate-para-los-desastres-y-las-situaciones-criticas-con-el-nuevo-curso-del-tecnocampus\/","title":{"rendered":"Prep\u00e1rate para los Desastres y las Situaciones Cr\u00edticas con el nuevo curso del TecnoCampus"},"content":{"rendered":"<p>La preparaci\u00f3n para situaciones cr\u00edticas, desastres y cat\u00e1strofes hace referencia al conocimiento y las capacidades para anticipar, responder y recuperarse de manera efectiva de los impactos de eventos naturales, tecnol\u00f3gicos o humanos, ya sean probables, inminentes o actuales. Esta preparaci\u00f3n, por lo tanto, permite minimizar los efectos directos o indirectos de estos eventos, tanto a nivel personal, familiar como comunitario.<\/p>\n<p>Estas acciones, basadas en un profundo an\u00e1lisis de los riesgos de las situaciones cr\u00edticas, desastres y cat\u00e1strofes, incluyen la conciencia de la existencia real de riesgos, la capacidad para la elaboraci\u00f3n de planes de contingencia, la previsi\u00f3n\/previsi\u00f3n con el suministro de equipos y provisiones, y el desarrollo de una actitud proactiva mediante la realizaci\u00f3n de entrenamientos y ejercicios asociados.<\/p>\n<p>Es apropiado, por lo tanto, que la poblaci\u00f3n general se capacite a trav\u00e9s de una formaci\u00f3n especializada de respuesta activa para hacer frente, antes, durante y despu\u00e9s a una situaci\u00f3n cr\u00edtica, a un desastre o a una cat\u00e1strofe.<\/p>\n<p>El HUB4T-TecnoCampus ha dise\u00f1ado un <strong>nuevo <a href=\"https:\/\/www.tecnocampus.cat\/es\/master\/curs-de-preparacio-desastres-i-situacions-critiques\">curso de Preparaci\u00f3n para Desastres y Situaciones Cr\u00edticas<\/a><\/strong> para hacer frente a esta necesidad formativa, que se llevar\u00e1 a cabo el pr\u00f3ximo mes de abril de 2024. El curso tiene como objetivo dotar a los alumnos de las competencias b\u00e1sicas de preparaci\u00f3n y planificaci\u00f3n de los recursos necesarios para la supervivencia en situaciones cr\u00edticas y desastres.<\/p>\n<p>&nbsp;<\/p>\n<p><img loading=\"lazy\" decoding=\"async\" class=\"aligncenter wp-image-3812\" src=\"https:\/\/hub4t.tecnocampus.cat\/wp-content\/uploads\/2023\/11\/curso-preparacion-desastres-naturales-hub4t-tecnocampus-universidad-pompeu-fabra.png\" alt=\"\" width=\"500\" height=\"237\" srcset=\"https:\/\/hub4t.tecnocampus.cat\/wp-content\/uploads\/2023\/11\/curso-preparacion-desastres-naturales-hub4t-tecnocampus-universidad-pompeu-fabra.png 739w, https:\/\/hub4t.tecnocampus.cat\/wp-content\/uploads\/2023\/11\/curso-preparacion-desastres-naturales-hub4t-tecnocampus-universidad-pompeu-fabra-300x142.png 300w\" sizes=\"(max-width: 500px) 100vw, 500px\" \/><\/p>\n<p>&nbsp;<\/p>\n<p>&nbsp;<\/p>\n<p>Las personas que se formen con este curso obtendr\u00e1n:<\/p>\n<ol>\n<li><strong>Certificado del Tecnocampus, centro universitario adscrito a la Universitat Pompeu Fabra.<\/strong> Sello de calidad de la UPF (Universitat Pompeu Fabra), la primera del estado en el ranking U-Multirank.<\/li>\n<li><strong>Visi\u00f3n integral de actuaci\u00f3n<\/strong> ante una situaci\u00f3n cr\u00edtica, un desastre y una cat\u00e1strofe natural, tecnol\u00f3gica o humana. Se adquirir\u00e1n conocimientos y capacidades sobre la actuaci\u00f3n ante un incendio forestal, una inundaci\u00f3n, un sismo y colapso estructural, c\u00f3mo sobrevivir sin electricidad, el acompa\u00f1amiento de personas con diversidad funcional, y elementos clave de supervivencia basados en la regla de 3 de supervivencia, incluyendo aspectos nutricionales a corto y largo plazo, as\u00ed como formaci\u00f3n en primeros auxilios y primeros auxilios psicol\u00f3gicos.<\/li>\n<li><strong>Profesorado experto y especialista<\/strong> en el temario que imparten, con una amplia experiencia profesional y docente.<\/li>\n<li><strong>Certificaci\u00f3n en SVB+DEA.<\/strong> El curso incluye un m\u00f3dulo de Soporte Vital B\u00e1sico+DEA, con t\u00edtulo expedido por el Consell Catal\u00e0 de Ressuscitaci\u00f3. La metodolog\u00eda empleada ser\u00e1 a trav\u00e9s de la simulaci\u00f3n.<\/li>\n<\/ol>\n<p>&nbsp;<\/p>\n<p>El coordinador y docente del curso es el Dr. <a href=\"https:\/\/www.linkedin.com\/in\/ishar-dalmau-8219b830\/\">Ishar Dalmau Santamaria<\/a>, m\u00e9dico especializado en tratamientos complementarios, profesor doctor acreditado del departamento de Salud-Centro Universitario TecnoCampus, centro adscrito a la Universitat Pompeu Fabra, y con formaci\u00f3n en t\u00e9cnicas de supervivencia.<\/p>\n<p>Descubre el curso haciendo clic <a href=\"https:\/\/www.tecnocampus.cat\/es\/master\/curs-de-preparacio-desastres-i-situacions-critiques\">aqu\u00ed<\/a>.<\/p>\n","protected":false},"excerpt":{"rendered":"<p>La preparaci\u00f3n para situaciones cr\u00edticas, desastres y cat\u00e1strofes hace referencia al conocimiento y las capacidades para anticipar, responder y recuperarse de manera efectiva de los impactos de eventos naturales, tecnol\u00f3gicos o humanos, ya sean probables, inminentes o actuales. Esta preparaci\u00f3n, por lo tanto, permite minimizar los efectos directos o indirectos de estos eventos, tanto a [&hellip;]<\/p>\n","protected":false},"author":10,"featured_media":3805,"comment_status":"closed","ping_status":"open","sticky":false,"template":"","format":"standard","meta":{"_acf_changed":false,"_et_pb_use_builder":"","_et_pb_old_content":"","_et_gb_content_width":"","inline_featured_image":false,"footnotes":""},"categories":[2],"tags":[],"class_list":["post-3811","post","type-post","status-publish","format-standard","has-post-thumbnail","hentry","category-actualidad-masters-y-postgrados-del-area-de-salud-empresa-tecnologia"],"acf":[],"yoast_head":"<!-- This site is optimized with the Yoast SEO plugin v27.3 - https:\/\/yoast.com\/product\/yoast-seo-wordpress\/ -->\n<title>Prep\u00e1rate para los Desastres y las Situaciones Cr\u00edticas con el nuevo curso del TecnoCampus - HUB4T<\/title>\n<meta name=\"robots\" content=\"index, follow, max-snippet:-1, max-image-preview:large, max-video-preview:-1\" \/>\n<link rel=\"canonical\" href=\"https:\/\/hub4t.tecnocampus.cat\/es\/preparate-para-los-desastres-y-las-situaciones-criticas-con-el-nuevo-curso-del-tecnocampus\/\" \/>\n<meta property=\"og:locale\" content=\"es_ES\" \/>\n<meta property=\"og:type\" content=\"article\" \/>\n<meta property=\"og:title\" content=\"Prep\u00e1rate para los Desastres y las Situaciones Cr\u00edticas con el nuevo curso del TecnoCampus - HUB4T\" \/>\n<meta property=\"og:description\" content=\"La preparaci\u00f3n para situaciones cr\u00edticas, desastres y cat\u00e1strofes hace referencia al conocimiento y las capacidades para anticipar, responder y recuperarse de manera efectiva de los impactos de eventos naturales, tecnol\u00f3gicos o humanos, ya sean probables, inminentes o actuales. Esta preparaci\u00f3n, por lo tanto, permite minimizar los efectos directos o indirectos de estos eventos, tanto a [&hellip;]\" \/>\n<meta property=\"og:url\" content=\"https:\/\/hub4t.tecnocampus.cat\/es\/preparate-para-los-desastres-y-las-situaciones-criticas-con-el-nuevo-curso-del-tecnocampus\/\" \/>\n<meta property=\"og:site_name\" content=\"HUB4T\" \/>\n<meta property=\"article:published_time\" content=\"2023-11-28T08:19:51+00:00\" \/>\n<meta property=\"article:modified_time\" content=\"2023-11-28T08:20:02+00:00\" \/>\n<meta property=\"og:image\" content=\"https:\/\/hub4t.tecnocampus.cat\/wp-content\/uploads\/2023\/11\/curso-preparacion-desastres-naturales-hub4t-tecnocampus-upf.jpg\" \/>\n\t<meta property=\"og:image:width\" content=\"800\" \/>\n\t<meta property=\"og:image:height\" content=\"533\" \/>\n\t<meta property=\"og:image:type\" content=\"image\/jpeg\" \/>\n<meta name=\"author\" content=\"HUB4T TecnoCampus\" \/>\n<meta name=\"twitter:card\" content=\"summary_large_image\" \/>\n<meta name=\"twitter:label1\" content=\"Escrito por\" \/>\n\t<meta name=\"twitter:data1\" content=\"HUB4T TecnoCampus\" \/>\n\t<meta name=\"twitter:label2\" content=\"Tiempo de lectura\" \/>\n\t<meta name=\"twitter:data2\" content=\"3 minutos\" \/>\n<script type=\"application\/ld+json\" class=\"yoast-schema-graph\">{\"@context\":\"https:\\\/\\\/schema.org\",\"@graph\":[{\"@type\":\"Article\",\"@id\":\"https:\\\/\\\/hub4t.tecnocampus.cat\\\/es\\\/preparate-para-los-desastres-y-las-situaciones-criticas-con-el-nuevo-curso-del-tecnocampus\\\/#article\",\"isPartOf\":{\"@id\":\"https:\\\/\\\/hub4t.tecnocampus.cat\\\/es\\\/preparate-para-los-desastres-y-las-situaciones-criticas-con-el-nuevo-curso-del-tecnocampus\\\/\"},\"author\":{\"name\":\"HUB4T TecnoCampus\",\"@id\":\"https:\\\/\\\/hub4t.tecnocampus.cat\\\/#\\\/schema\\\/person\\\/ef38e43f1d3b6bb7b4abb438664579b1\"},\"headline\":\"Prep\u00e1rate para los Desastres y las Situaciones Cr\u00edticas con el nuevo curso del TecnoCampus\",\"datePublished\":\"2023-11-28T08:19:51+00:00\",\"dateModified\":\"2023-11-28T08:20:02+00:00\",\"mainEntityOfPage\":{\"@id\":\"https:\\\/\\\/hub4t.tecnocampus.cat\\\/es\\\/preparate-para-los-desastres-y-las-situaciones-criticas-con-el-nuevo-curso-del-tecnocampus\\\/\"},\"wordCount\":499,\"image\":{\"@id\":\"https:\\\/\\\/hub4t.tecnocampus.cat\\\/es\\\/preparate-para-los-desastres-y-las-situaciones-criticas-con-el-nuevo-curso-del-tecnocampus\\\/#primaryimage\"},\"thumbnailUrl\":\"https:\\\/\\\/hub4t.tecnocampus.cat\\\/wp-content\\\/uploads\\\/2023\\\/11\\\/curso-preparacion-desastres-naturales-hub4t-tecnocampus-upf.jpg\",\"articleSection\":[\"Actualidad\"],\"inLanguage\":\"es\"},{\"@type\":\"WebPage\",\"@id\":\"https:\\\/\\\/hub4t.tecnocampus.cat\\\/es\\\/preparate-para-los-desastres-y-las-situaciones-criticas-con-el-nuevo-curso-del-tecnocampus\\\/\",\"url\":\"https:\\\/\\\/hub4t.tecnocampus.cat\\\/es\\\/preparate-para-los-desastres-y-las-situaciones-criticas-con-el-nuevo-curso-del-tecnocampus\\\/\",\"name\":\"Prep\u00e1rate para los Desastres y las Situaciones Cr\u00edticas con el nuevo curso del TecnoCampus - HUB4T\",\"isPartOf\":{\"@id\":\"https:\\\/\\\/hub4t.tecnocampus.cat\\\/#website\"},\"primaryImageOfPage\":{\"@id\":\"https:\\\/\\\/hub4t.tecnocampus.cat\\\/es\\\/preparate-para-los-desastres-y-las-situaciones-criticas-con-el-nuevo-curso-del-tecnocampus\\\/#primaryimage\"},\"image\":{\"@id\":\"https:\\\/\\\/hub4t.tecnocampus.cat\\\/es\\\/preparate-para-los-desastres-y-las-situaciones-criticas-con-el-nuevo-curso-del-tecnocampus\\\/#primaryimage\"},\"thumbnailUrl\":\"https:\\\/\\\/hub4t.tecnocampus.cat\\\/wp-content\\\/uploads\\\/2023\\\/11\\\/curso-preparacion-desastres-naturales-hub4t-tecnocampus-upf.jpg\",\"datePublished\":\"2023-11-28T08:19:51+00:00\",\"dateModified\":\"2023-11-28T08:20:02+00:00\",\"author\":{\"@id\":\"https:\\\/\\\/hub4t.tecnocampus.cat\\\/#\\\/schema\\\/person\\\/ef38e43f1d3b6bb7b4abb438664579b1\"},\"breadcrumb\":{\"@id\":\"https:\\\/\\\/hub4t.tecnocampus.cat\\\/es\\\/preparate-para-los-desastres-y-las-situaciones-criticas-con-el-nuevo-curso-del-tecnocampus\\\/#breadcrumb\"},\"inLanguage\":\"es\",\"potentialAction\":[{\"@type\":\"ReadAction\",\"target\":[\"https:\\\/\\\/hub4t.tecnocampus.cat\\\/es\\\/preparate-para-los-desastres-y-las-situaciones-criticas-con-el-nuevo-curso-del-tecnocampus\\\/\"]}]},{\"@type\":\"ImageObject\",\"inLanguage\":\"es\",\"@id\":\"https:\\\/\\\/hub4t.tecnocampus.cat\\\/es\\\/preparate-para-los-desastres-y-las-situaciones-criticas-con-el-nuevo-curso-del-tecnocampus\\\/#primaryimage\",\"url\":\"https:\\\/\\\/hub4t.tecnocampus.cat\\\/wp-content\\\/uploads\\\/2023\\\/11\\\/curso-preparacion-desastres-naturales-hub4t-tecnocampus-upf.jpg\",\"contentUrl\":\"https:\\\/\\\/hub4t.tecnocampus.cat\\\/wp-content\\\/uploads\\\/2023\\\/11\\\/curso-preparacion-desastres-naturales-hub4t-tecnocampus-upf.jpg\",\"width\":800,\"height\":533},{\"@type\":\"BreadcrumbList\",\"@id\":\"https:\\\/\\\/hub4t.tecnocampus.cat\\\/es\\\/preparate-para-los-desastres-y-las-situaciones-criticas-con-el-nuevo-curso-del-tecnocampus\\\/#breadcrumb\",\"itemListElement\":[{\"@type\":\"ListItem\",\"position\":1,\"name\":\"Inici\",\"item\":\"https:\\\/\\\/hub4t.tecnocampus.cat\\\/\"},{\"@type\":\"ListItem\",\"position\":2,\"name\":\"Prep\u00e1rate para los Desastres y las Situaciones Cr\u00edticas con el nuevo curso del TecnoCampus\"}]},{\"@type\":\"WebSite\",\"@id\":\"https:\\\/\\\/hub4t.tecnocampus.cat\\\/#website\",\"url\":\"https:\\\/\\\/hub4t.tecnocampus.cat\\\/\",\"name\":\"HUB4T\",\"description\":\"Centre d&#039;estudis de postgrau i formaci\u00f3 permanent\",\"potentialAction\":[{\"@type\":\"SearchAction\",\"target\":{\"@type\":\"EntryPoint\",\"urlTemplate\":\"https:\\\/\\\/hub4t.tecnocampus.cat\\\/?s={search_term_string}\"},\"query-input\":{\"@type\":\"PropertyValueSpecification\",\"valueRequired\":true,\"valueName\":\"search_term_string\"}}],\"inLanguage\":\"es\"},{\"@type\":\"Person\",\"@id\":\"https:\\\/\\\/hub4t.tecnocampus.cat\\\/#\\\/schema\\\/person\\\/ef38e43f1d3b6bb7b4abb438664579b1\",\"name\":\"HUB4T TecnoCampus\",\"image\":{\"@type\":\"ImageObject\",\"inLanguage\":\"es\",\"@id\":\"https:\\\/\\\/secure.gravatar.com\\\/avatar\\\/d8188a292e0bdca3bf4b87796bfbf9541a578c25af7ae9c66bdc7505f097a8e2?s=96&d=mm&r=g\",\"url\":\"https:\\\/\\\/secure.gravatar.com\\\/avatar\\\/d8188a292e0bdca3bf4b87796bfbf9541a578c25af7ae9c66bdc7505f097a8e2?s=96&d=mm&r=g\",\"contentUrl\":\"https:\\\/\\\/secure.gravatar.com\\\/avatar\\\/d8188a292e0bdca3bf4b87796bfbf9541a578c25af7ae9c66bdc7505f097a8e2?s=96&d=mm&r=g\",\"caption\":\"HUB4T TecnoCampus\"},\"url\":\"https:\\\/\\\/hub4t.tecnocampus.cat\\\/es\\\/author\\\/hub4t-tecnocampus\\\/\"}]}<\/script>\n<!-- \/ Yoast SEO plugin. -->","yoast_head_json":{"title":"Prep\u00e1rate para los Desastres y las Situaciones Cr\u00edticas con el nuevo curso del TecnoCampus - HUB4T","robots":{"index":"index","follow":"follow","max-snippet":"max-snippet:-1","max-image-preview":"max-image-preview:large","max-video-preview":"max-video-preview:-1"},"canonical":"https:\/\/hub4t.tecnocampus.cat\/es\/preparate-para-los-desastres-y-las-situaciones-criticas-con-el-nuevo-curso-del-tecnocampus\/","og_locale":"es_ES","og_type":"article","og_title":"Prep\u00e1rate para los Desastres y las Situaciones Cr\u00edticas con el nuevo curso del TecnoCampus - HUB4T","og_description":"La preparaci\u00f3n para situaciones cr\u00edticas, desastres y cat\u00e1strofes hace referencia al conocimiento y las capacidades para anticipar, responder y recuperarse de manera efectiva de los impactos de eventos naturales, tecnol\u00f3gicos o humanos, ya sean probables, inminentes o actuales. Esta preparaci\u00f3n, por lo tanto, permite minimizar los efectos directos o indirectos de estos eventos, tanto a [&hellip;]","og_url":"https:\/\/hub4t.tecnocampus.cat\/es\/preparate-para-los-desastres-y-las-situaciones-criticas-con-el-nuevo-curso-del-tecnocampus\/","og_site_name":"HUB4T","article_published_time":"2023-11-28T08:19:51+00:00","article_modified_time":"2023-11-28T08:20:02+00:00","og_image":[{"width":800,"height":533,"url":"https:\/\/hub4t.tecnocampus.cat\/wp-content\/uploads\/2023\/11\/curso-preparacion-desastres-naturales-hub4t-tecnocampus-upf.jpg","type":"image\/jpeg"}],"author":"HUB4T TecnoCampus","twitter_card":"summary_large_image","twitter_misc":{"Escrito por":"HUB4T TecnoCampus","Tiempo de lectura":"3 minutos"},"schema":{"@context":"https:\/\/schema.org","@graph":[{"@type":"Article","@id":"https:\/\/hub4t.tecnocampus.cat\/es\/preparate-para-los-desastres-y-las-situaciones-criticas-con-el-nuevo-curso-del-tecnocampus\/#article","isPartOf":{"@id":"https:\/\/hub4t.tecnocampus.cat\/es\/preparate-para-los-desastres-y-las-situaciones-criticas-con-el-nuevo-curso-del-tecnocampus\/"},"author":{"name":"HUB4T TecnoCampus","@id":"https:\/\/hub4t.tecnocampus.cat\/#\/schema\/person\/ef38e43f1d3b6bb7b4abb438664579b1"},"headline":"Prep\u00e1rate para los Desastres y las Situaciones Cr\u00edticas con el nuevo curso del TecnoCampus","datePublished":"2023-11-28T08:19:51+00:00","dateModified":"2023-11-28T08:20:02+00:00","mainEntityOfPage":{"@id":"https:\/\/hub4t.tecnocampus.cat\/es\/preparate-para-los-desastres-y-las-situaciones-criticas-con-el-nuevo-curso-del-tecnocampus\/"},"wordCount":499,"image":{"@id":"https:\/\/hub4t.tecnocampus.cat\/es\/preparate-para-los-desastres-y-las-situaciones-criticas-con-el-nuevo-curso-del-tecnocampus\/#primaryimage"},"thumbnailUrl":"https:\/\/hub4t.tecnocampus.cat\/wp-content\/uploads\/2023\/11\/curso-preparacion-desastres-naturales-hub4t-tecnocampus-upf.jpg","articleSection":["Actualidad"],"inLanguage":"es"},{"@type":"WebPage","@id":"https:\/\/hub4t.tecnocampus.cat\/es\/preparate-para-los-desastres-y-las-situaciones-criticas-con-el-nuevo-curso-del-tecnocampus\/","url":"https:\/\/hub4t.tecnocampus.cat\/es\/preparate-para-los-desastres-y-las-situaciones-criticas-con-el-nuevo-curso-del-tecnocampus\/","name":"Prep\u00e1rate para los Desastres y las Situaciones Cr\u00edticas con el nuevo curso del TecnoCampus - HUB4T","isPartOf":{"@id":"https:\/\/hub4t.tecnocampus.cat\/#website"},"primaryImageOfPage":{"@id":"https:\/\/hub4t.tecnocampus.cat\/es\/preparate-para-los-desastres-y-las-situaciones-criticas-con-el-nuevo-curso-del-tecnocampus\/#primaryimage"},"image":{"@id":"https:\/\/hub4t.tecnocampus.cat\/es\/preparate-para-los-desastres-y-las-situaciones-criticas-con-el-nuevo-curso-del-tecnocampus\/#primaryimage"},"thumbnailUrl":"https:\/\/hub4t.tecnocampus.cat\/wp-content\/uploads\/2023\/11\/curso-preparacion-desastres-naturales-hub4t-tecnocampus-upf.jpg","datePublished":"2023-11-28T08:19:51+00:00","dateModified":"2023-11-28T08:20:02+00:00","author":{"@id":"https:\/\/hub4t.tecnocampus.cat\/#\/schema\/person\/ef38e43f1d3b6bb7b4abb438664579b1"},"breadcrumb":{"@id":"https:\/\/hub4t.tecnocampus.cat\/es\/preparate-para-los-desastres-y-las-situaciones-criticas-con-el-nuevo-curso-del-tecnocampus\/#breadcrumb"},"inLanguage":"es","potentialAction":[{"@type":"ReadAction","target":["https:\/\/hub4t.tecnocampus.cat\/es\/preparate-para-los-desastres-y-las-situaciones-criticas-con-el-nuevo-curso-del-tecnocampus\/"]}]},{"@type":"ImageObject","inLanguage":"es","@id":"https:\/\/hub4t.tecnocampus.cat\/es\/preparate-para-los-desastres-y-las-situaciones-criticas-con-el-nuevo-curso-del-tecnocampus\/#primaryimage","url":"https:\/\/hub4t.tecnocampus.cat\/wp-content\/uploads\/2023\/11\/curso-preparacion-desastres-naturales-hub4t-tecnocampus-upf.jpg","contentUrl":"https:\/\/hub4t.tecnocampus.cat\/wp-content\/uploads\/2023\/11\/curso-preparacion-desastres-naturales-hub4t-tecnocampus-upf.jpg","width":800,"height":533},{"@type":"BreadcrumbList","@id":"https:\/\/hub4t.tecnocampus.cat\/es\/preparate-para-los-desastres-y-las-situaciones-criticas-con-el-nuevo-curso-del-tecnocampus\/#breadcrumb","itemListElement":[{"@type":"ListItem","position":1,"name":"Inici","item":"https:\/\/hub4t.tecnocampus.cat\/"},{"@type":"ListItem","position":2,"name":"Prep\u00e1rate para los Desastres y las Situaciones Cr\u00edticas con el nuevo curso del TecnoCampus"}]},{"@type":"WebSite","@id":"https:\/\/hub4t.tecnocampus.cat\/#website","url":"https:\/\/hub4t.tecnocampus.cat\/","name":"HUB4T","description":"Centre d&#039;estudis de postgrau i formaci\u00f3 permanent","potentialAction":[{"@type":"SearchAction","target":{"@type":"EntryPoint","urlTemplate":"https:\/\/hub4t.tecnocampus.cat\/?s={search_term_string}"},"query-input":{"@type":"PropertyValueSpecification","valueRequired":true,"valueName":"search_term_string"}}],"inLanguage":"es"},{"@type":"Person","@id":"https:\/\/hub4t.tecnocampus.cat\/#\/schema\/person\/ef38e43f1d3b6bb7b4abb438664579b1","name":"HUB4T TecnoCampus","image":{"@type":"ImageObject","inLanguage":"es","@id":"https:\/\/secure.gravatar.com\/avatar\/d8188a292e0bdca3bf4b87796bfbf9541a578c25af7ae9c66bdc7505f097a8e2?s=96&d=mm&r=g","url":"https:\/\/secure.gravatar.com\/avatar\/d8188a292e0bdca3bf4b87796bfbf9541a578c25af7ae9c66bdc7505f097a8e2?s=96&d=mm&r=g","contentUrl":"https:\/\/secure.gravatar.com\/avatar\/d8188a292e0bdca3bf4b87796bfbf9541a578c25af7ae9c66bdc7505f097a8e2?s=96&d=mm&r=g","caption":"HUB4T TecnoCampus"},"url":"https:\/\/hub4t.tecnocampus.cat\/es\/author\/hub4t-tecnocampus\/"}]}},"_links":{"self":[{"href":"https:\/\/hub4t.tecnocampus.cat\/es\/wp-json\/wp\/v2\/posts\/3811","targetHints":{"allow":["GET"]}}],"collection":[{"href":"https:\/\/hub4t.tecnocampus.cat\/es\/wp-json\/wp\/v2\/posts"}],"about":[{"href":"https:\/\/hub4t.tecnocampus.cat\/es\/wp-json\/wp\/v2\/types\/post"}],"author":[{"embeddable":true,"href":"https:\/\/hub4t.tecnocampus.cat\/es\/wp-json\/wp\/v2\/users\/10"}],"replies":[{"embeddable":true,"href":"https:\/\/hub4t.tecnocampus.cat\/es\/wp-json\/wp\/v2\/comments?post=3811"}],"version-history":[{"count":2,"href":"https:\/\/hub4t.tecnocampus.cat\/es\/wp-json\/wp\/v2\/posts\/3811\/revisions"}],"predecessor-version":[{"id":3815,"href":"https:\/\/hub4t.tecnocampus.cat\/es\/wp-json\/wp\/v2\/posts\/3811\/revisions\/3815"}],"wp:featuredmedia":[{"embeddable":true,"href":"https:\/\/hub4t.tecnocampus.cat\/es\/wp-json\/wp\/v2\/media\/3805"}],"wp:attachment":[{"href":"https:\/\/hub4t.tecnocampus.cat\/es\/wp-json\/wp\/v2\/media?parent=3811"}],"wp:term":[{"taxonomy":"category","embeddable":true,"href":"https:\/\/hub4t.tecnocampus.cat\/es\/wp-json\/wp\/v2\/categories?post=3811"},{"taxonomy":"post_tag","embeddable":true,"href":"https:\/\/hub4t.tecnocampus.cat\/es\/wp-json\/wp\/v2\/tags?post=3811"}],"curies":[{"name":"wp","href":"https:\/\/api.w.org\/{rel}","templated":true}]}}