{"id":384,"date":"2019-04-25T11:39:36","date_gmt":"2019-04-25T11:39:36","guid":{"rendered":"http:\/\/blocs.tecnocampus.cat\/masters-postgraus\/2019\/04\/25\/la-importancia-de-la-planificacion-preparacion-y-la-readaptacion-deportiva-en-lesiones\/"},"modified":"2022-06-23T11:14:08","modified_gmt":"2022-06-23T09:14:08","slug":"la-importancia-de-la-planificacion-preparacion-y-la-readaptacion-deportiva-en-lesiones","status":"publish","type":"post","link":"https:\/\/hub4t.tecnocampus.cat\/es\/la-importancia-de-la-planificacion-preparacion-y-la-readaptacion-deportiva-en-lesiones\/","title":{"rendered":"La importancia de la planificaci\u00f3n, preparaci\u00f3n y la readaptaci\u00f3n deportiva en lesiones"},"content":{"rendered":"<p><img loading=\"lazy\" decoding=\"async\" class=\"alignnone size-full wp-image-1084\" src=\"https:\/\/hub4t.tecnocampus.cat\/wp-content\/uploads\/2018\/06\/rehab1.jpeg\" alt=\"\" width=\"275\" height=\"183\" \/><\/p>\n<p>Cuando un deportista sufre una <strong>lesi\u00f3n<\/strong>, en muchos casos existe un <strong>per\u00edodo vac\u00edo<\/strong> entre la recuperaci\u00f3n m\u00e9dica (finalizaci\u00f3n de la fisioterapia) y la vuelta al entrenamiento y\/o la competici\u00f3n. Este per\u00edodo vac\u00edo es un problema que <strong>suele traducirse en un peor cumplimiento deportivo <\/strong>despu\u00e9s de la lesi\u00f3n, una <strong>recuperaci\u00f3n inefectiva<\/strong>, la aparici\u00f3n de dolores en la zona lesionada, o hasta <strong>una nueva lesi\u00f3n<\/strong>. De hecho, la cantidad de lesiones y reca\u00eddas ha aumentado considerablemente en los \u00faltimos a\u00f1os, en sinton\u00eda con el aumento de la pr\u00e1ctica deportiva amateur o profesional que vive nuestro pa\u00eds.<\/p>\n<p>Este per\u00edodo muerto entre la recuperaci\u00f3n y la vuelta al entrenamiento es el reino del <strong>readaptador<\/strong>, es decir, del preparador f\u00edsico que gu\u00eda al deportista desde la inactividad al nivel de actividad previo a la lesi\u00f3n. Un per\u00edodo en el cual la planificaci\u00f3n del ejercicio y la preparaci\u00f3n del grupo muscular ser\u00e1n calves para una correcta readaptaci\u00f3n.<\/p>\n<p>&nbsp;<\/p>\n<h3>Planificando la readaptaci\u00f3n<\/h3>\n<p>La planificaci\u00f3n es siempre el primer paso que un entrenador tiene que realizar si quiere llegar de forma \u00f3ptima a los objetivos. La planificaci\u00f3n nunca se deja al azar, ni es el fruto de la intuici\u00f3n del entrenador, sino que se establece partiendo del estado inicial del deportista, siguiendo los ejercicios que llevan a la meta deseada.<\/p>\n<p>En el caso del deportista lesionado, esta <strong>lesi\u00f3n <\/strong>es el <strong>punto de partida para la planificaci\u00f3n<\/strong>: una vez el m\u00e9dico y el fisioterapeuta han hecho su trabajo\u2026 \u00bfc\u00f3mo volvemos al nivel de ejercicio previo a la lesi\u00f3n?<\/p>\n<p>Para el fisioterapeuta y readaptador deportivo Carlos Lal\u00edn (autoridad en la materia, y actualmente responsable del estado f\u00edsico de los jugadores del Manchester United), la planificaci\u00f3n de una readaptaci\u00f3n tiene que distinguir tres fases.<\/p>\n<h3>FASE 1: La recuperaci\u00f3n funcional deportiva<\/h3>\n<p><span lang=\"ES\"><span style=\"color: #000000; font-family: Calibri;\">Es una fase de ajuste de los par\u00e1metros motores y f\u00edsico-deportivos, tanto los generales como los espec\u00edficos de la pr\u00e1ctica habitual del atleta, su gesto deportivo.<\/span><\/span><\/p>\n<p><span lang=\"ES\"><span style=\"color: #000000; font-family: Calibri;\">El objetivo de esta primera fase es reincorporar a la persona a la pr\u00e1ctica deportiva de la forma m\u00e1s eficaz y r\u00e1pida possible.<\/span><\/span><\/p>\n<h3>FASE 2: La readaptaci\u00f3n f\u00edsicodeportiva<\/h3>\n<p>En esta fase intermedia se reeduca la musculatura y los patrones motores, tanto generales como espec\u00edficos, del deportista.<\/p>\n<p>Esta fase el readaptador la planifica en <strong>dos etapas.<\/strong> La primera, de <strong>aproximaci\u00f3n,<\/strong> consiste en <strong>ejercicio general<\/strong> que por una parte evita una deterioraci\u00f3n o la p\u00e9rdida total de funcionalidad del miembro o grupo muscular afectado, y por otro mantenga la condici\u00f3n f\u00edsica b\u00e1sica del resto del cuerpo.<\/p>\n<p>Una segunda etapa, de <strong>orientaci\u00f3n<\/strong>, combina el ejercicio general (que mejora la condici\u00f3n f\u00edsica) con entrenamiento especial destinado a reforzar la musculatura o zona lesionada.<\/p>\n<h3>FASE 3: El reentrenamiento deportivo<\/h3>\n<p>En esta fase el cuerpo y la zona lesionada ya est\u00e1n reeducados y listos para integrarse progresivamente en la rutina de entrenamientos pre-lesi\u00f3n. Lal\u00edn diferencia de nuevo dos etapas: una primera de <strong>pre-optimizaci\u00f3n<\/strong>, en la cual se busca reeducar patrones motores muy espec\u00edficos del deporte practicado por el individuo; y una segunda de <strong>optimizaci\u00f3n<\/strong>, en la cual ya realzaremos los ejercicios espec\u00edficos del entrenamiento.<\/p>\n<p>Planificar el ejercicio siguiendo estas tres fases se ha demostrado importante no s\u00f3lo para <strong>reducir el tiempo de vuelta al entrenamiento<\/strong> \u201cnormal\u201d, sino para garantizar un <strong>fortalecimiento progresivo<\/strong> del sistema muscular general y espec\u00edfico que prev\u00e9 ante molestias cr\u00f3nicas, reca\u00eddas en la lesi\u00f3n, o lesiones en m\u00fasculos o estructuras adyacentes a la primera lesi\u00f3n.<\/p>\n<p>&nbsp;<\/p>\n<h3>El papel del\u00a0readaptador\u00a0f\u00edsicodeportivo<\/h3>\n<p>La readaptaci\u00f3n es un proceso complejo que demanda a un <strong>profesional cualificado<\/strong>. Por un lado, porque tiene que tener la formaci\u00f3n adecuada para <strong>trabajar en sinton\u00eda con los otros profesionales implicados <\/strong>en la recuperaci\u00f3n (m\u00e9dicos, fisioterapeutas y nutricionistas), y por otro, porque tiene que tener un <strong>conocimiento profundo no solo de la f\u00edsica del entrenamiento, sino tambi\u00e9n de la psicolog\u00eda del deportista.<\/strong> Una lesi\u00f3n es un hecho traum\u00e1tico que puede afectar a la seguridad que el deportista siente, y en la confianza en s\u00ed mismo, especialmente cuando hablamos de deportistas profesionales. Y esto el readaptador tiene que saber llevarlo igual de bien que el entrenamiento.<\/p>\n<p>La figura del <strong>readaptador<\/strong>, por tanto, se revela <strong>fundamental para la recuperaci\u00f3n completa<\/strong> de cualquier deportista despu\u00e9s de una lesi\u00f3n. Y m\u00e1s a\u00fan: su trabajo es <strong>clave en la prevenci\u00f3n de nuevas lesiones <\/strong>y posibles patolog\u00edas, con una mejora del programa de entrenamiento que permita al deportista conseguir sus objetivos. Sin miedo, sin problemas f\u00edsicos, y sin dolor.<\/p>\n<p>&nbsp;<\/p>\n<p>&nbsp;<\/p>\n<p>&nbsp;<\/p>\n<p><span lang=\"ES\">De aqu\u00ed la importancia de una buena formaci\u00f3n en readaptaci\u00f3n adem\u00e1s de lo b\u00e1sico en entrenamiento personal. Seg\u00fan esto a TecnoCampus Matar\u00f3-Maresme hemos desarrollado un M\u00e1ster en Entrenamiento Personal y Readaptaci\u00f3n Deportiva donde te formaremos y te explicaremos todo lo que necesitas saber para convertir-te en un gran profesional en este campo. \u00bfQuieres saber m\u00e1s?<\/span><\/p>\n<p><a href=\"https:\/\/www.tecnocampus.cat\/es\/master\/entrenamiento-personal-readaptacion-fisica-deportiva\/presentacion\">\u00a1Inscr\u00edbete!<\/a><\/p>\n","protected":false},"excerpt":{"rendered":"<p>Cuando un deportista sufre una lesi\u00f3n, en muchos casos existe un per\u00edodo vac\u00edo entre la recuperaci\u00f3n m\u00e9dica (finalizaci\u00f3n de la fisioterapia) y la vuelta al entrenamiento y\/o la competici\u00f3n. Este per\u00edodo vac\u00edo es un problema que suele traducirse en un peor cumplimiento deportivo despu\u00e9s de la lesi\u00f3n, una recuperaci\u00f3n inefectiva, la aparici\u00f3n de dolores en [&hellip;]<\/p>\n","protected":false},"author":10,"featured_media":1084,"comment_status":"open","ping_status":"open","sticky":false,"template":"","format":"standard","meta":{"_acf_changed":false,"_et_pb_use_builder":"on","_et_pb_old_content":"","_et_gb_content_width":"","inline_featured_image":false,"footnotes":""},"categories":[2],"tags":[],"class_list":["post-384","post","type-post","status-publish","format-standard","has-post-thumbnail","hentry","category-actualidad-masters-y-postgrados-del-area-de-salud-empresa-tecnologia"],"acf":[],"yoast_head":"<!-- This site is optimized with the Yoast SEO plugin v27.3 - https:\/\/yoast.com\/product\/yoast-seo-wordpress\/ -->\n<title>La importancia de la planificaci\u00f3n, preparaci\u00f3n y la readaptaci\u00f3n deportiva en lesiones - HUB4T<\/title>\n<meta name=\"robots\" content=\"index, follow, max-snippet:-1, max-image-preview:large, max-video-preview:-1\" \/>\n<link rel=\"canonical\" href=\"https:\/\/hub4t.tecnocampus.cat\/es\/la-importancia-de-la-planificacion-preparacion-y-la-readaptacion-deportiva-en-lesiones\/\" \/>\n<meta property=\"og:locale\" content=\"es_ES\" \/>\n<meta property=\"og:type\" content=\"article\" \/>\n<meta property=\"og:title\" content=\"La importancia de la planificaci\u00f3n, preparaci\u00f3n y la readaptaci\u00f3n deportiva en lesiones - HUB4T\" \/>\n<meta property=\"og:description\" content=\"Cuando un deportista sufre una lesi\u00f3n, en muchos casos existe un per\u00edodo vac\u00edo entre la recuperaci\u00f3n m\u00e9dica (finalizaci\u00f3n de la fisioterapia) y la vuelta al entrenamiento y\/o la competici\u00f3n. Este per\u00edodo vac\u00edo es un problema que suele traducirse en un peor cumplimiento deportivo despu\u00e9s de la lesi\u00f3n, una recuperaci\u00f3n inefectiva, la aparici\u00f3n de dolores en [&hellip;]\" \/>\n<meta property=\"og:url\" content=\"https:\/\/hub4t.tecnocampus.cat\/es\/la-importancia-de-la-planificacion-preparacion-y-la-readaptacion-deportiva-en-lesiones\/\" \/>\n<meta property=\"og:site_name\" content=\"HUB4T\" \/>\n<meta property=\"article:published_time\" content=\"2019-04-25T11:39:36+00:00\" \/>\n<meta property=\"article:modified_time\" content=\"2022-06-23T09:14:08+00:00\" \/>\n<meta property=\"og:image\" content=\"https:\/\/hub4t.tecnocampus.cat\/wp-content\/uploads\/2018\/06\/rehab1.jpeg\" \/>\n\t<meta property=\"og:image:width\" content=\"275\" \/>\n\t<meta property=\"og:image:height\" content=\"183\" \/>\n\t<meta property=\"og:image:type\" content=\"image\/jpeg\" \/>\n<meta name=\"author\" content=\"HUB4T TecnoCampus\" \/>\n<meta name=\"twitter:card\" content=\"summary_large_image\" \/>\n<meta name=\"twitter:label1\" content=\"Escrito por\" \/>\n\t<meta name=\"twitter:data1\" content=\"HUB4T TecnoCampus\" \/>\n\t<meta name=\"twitter:label2\" content=\"Tiempo de lectura\" \/>\n\t<meta name=\"twitter:data2\" content=\"5 minutos\" \/>\n<script type=\"application\/ld+json\" class=\"yoast-schema-graph\">{\"@context\":\"https:\\\/\\\/schema.org\",\"@graph\":[{\"@type\":\"Article\",\"@id\":\"https:\\\/\\\/hub4t.tecnocampus.cat\\\/es\\\/la-importancia-de-la-planificacion-preparacion-y-la-readaptacion-deportiva-en-lesiones\\\/#article\",\"isPartOf\":{\"@id\":\"https:\\\/\\\/hub4t.tecnocampus.cat\\\/es\\\/la-importancia-de-la-planificacion-preparacion-y-la-readaptacion-deportiva-en-lesiones\\\/\"},\"author\":{\"name\":\"HUB4T TecnoCampus\",\"@id\":\"https:\\\/\\\/hub4t.tecnocampus.cat\\\/#\\\/schema\\\/person\\\/ef38e43f1d3b6bb7b4abb438664579b1\"},\"headline\":\"La importancia de la planificaci\u00f3n, preparaci\u00f3n y la readaptaci\u00f3n deportiva en lesiones\",\"datePublished\":\"2019-04-25T11:39:36+00:00\",\"dateModified\":\"2022-06-23T09:14:08+00:00\",\"mainEntityOfPage\":{\"@id\":\"https:\\\/\\\/hub4t.tecnocampus.cat\\\/es\\\/la-importancia-de-la-planificacion-preparacion-y-la-readaptacion-deportiva-en-lesiones\\\/\"},\"wordCount\":903,\"commentCount\":0,\"image\":{\"@id\":\"https:\\\/\\\/hub4t.tecnocampus.cat\\\/es\\\/la-importancia-de-la-planificacion-preparacion-y-la-readaptacion-deportiva-en-lesiones\\\/#primaryimage\"},\"thumbnailUrl\":\"https:\\\/\\\/hub4t.tecnocampus.cat\\\/wp-content\\\/uploads\\\/2018\\\/06\\\/rehab1.jpeg\",\"articleSection\":[\"Actualidad\"],\"inLanguage\":\"es\",\"potentialAction\":[{\"@type\":\"CommentAction\",\"name\":\"Comment\",\"target\":[\"https:\\\/\\\/hub4t.tecnocampus.cat\\\/es\\\/la-importancia-de-la-planificacion-preparacion-y-la-readaptacion-deportiva-en-lesiones\\\/#respond\"]}]},{\"@type\":\"WebPage\",\"@id\":\"https:\\\/\\\/hub4t.tecnocampus.cat\\\/es\\\/la-importancia-de-la-planificacion-preparacion-y-la-readaptacion-deportiva-en-lesiones\\\/\",\"url\":\"https:\\\/\\\/hub4t.tecnocampus.cat\\\/es\\\/la-importancia-de-la-planificacion-preparacion-y-la-readaptacion-deportiva-en-lesiones\\\/\",\"name\":\"La importancia de la planificaci\u00f3n, preparaci\u00f3n y la readaptaci\u00f3n deportiva en lesiones - HUB4T\",\"isPartOf\":{\"@id\":\"https:\\\/\\\/hub4t.tecnocampus.cat\\\/#website\"},\"primaryImageOfPage\":{\"@id\":\"https:\\\/\\\/hub4t.tecnocampus.cat\\\/es\\\/la-importancia-de-la-planificacion-preparacion-y-la-readaptacion-deportiva-en-lesiones\\\/#primaryimage\"},\"image\":{\"@id\":\"https:\\\/\\\/hub4t.tecnocampus.cat\\\/es\\\/la-importancia-de-la-planificacion-preparacion-y-la-readaptacion-deportiva-en-lesiones\\\/#primaryimage\"},\"thumbnailUrl\":\"https:\\\/\\\/hub4t.tecnocampus.cat\\\/wp-content\\\/uploads\\\/2018\\\/06\\\/rehab1.jpeg\",\"datePublished\":\"2019-04-25T11:39:36+00:00\",\"dateModified\":\"2022-06-23T09:14:08+00:00\",\"author\":{\"@id\":\"https:\\\/\\\/hub4t.tecnocampus.cat\\\/#\\\/schema\\\/person\\\/ef38e43f1d3b6bb7b4abb438664579b1\"},\"breadcrumb\":{\"@id\":\"https:\\\/\\\/hub4t.tecnocampus.cat\\\/es\\\/la-importancia-de-la-planificacion-preparacion-y-la-readaptacion-deportiva-en-lesiones\\\/#breadcrumb\"},\"inLanguage\":\"es\",\"potentialAction\":[{\"@type\":\"ReadAction\",\"target\":[\"https:\\\/\\\/hub4t.tecnocampus.cat\\\/es\\\/la-importancia-de-la-planificacion-preparacion-y-la-readaptacion-deportiva-en-lesiones\\\/\"]}]},{\"@type\":\"ImageObject\",\"inLanguage\":\"es\",\"@id\":\"https:\\\/\\\/hub4t.tecnocampus.cat\\\/es\\\/la-importancia-de-la-planificacion-preparacion-y-la-readaptacion-deportiva-en-lesiones\\\/#primaryimage\",\"url\":\"https:\\\/\\\/hub4t.tecnocampus.cat\\\/wp-content\\\/uploads\\\/2018\\\/06\\\/rehab1.jpeg\",\"contentUrl\":\"https:\\\/\\\/hub4t.tecnocampus.cat\\\/wp-content\\\/uploads\\\/2018\\\/06\\\/rehab1.jpeg\",\"width\":275,\"height\":183},{\"@type\":\"BreadcrumbList\",\"@id\":\"https:\\\/\\\/hub4t.tecnocampus.cat\\\/es\\\/la-importancia-de-la-planificacion-preparacion-y-la-readaptacion-deportiva-en-lesiones\\\/#breadcrumb\",\"itemListElement\":[{\"@type\":\"ListItem\",\"position\":1,\"name\":\"Inici\",\"item\":\"https:\\\/\\\/hub4t.tecnocampus.cat\\\/\"},{\"@type\":\"ListItem\",\"position\":2,\"name\":\"La importancia de la planificaci\u00f3n, preparaci\u00f3n y la readaptaci\u00f3n deportiva en lesiones\"}]},{\"@type\":\"WebSite\",\"@id\":\"https:\\\/\\\/hub4t.tecnocampus.cat\\\/#website\",\"url\":\"https:\\\/\\\/hub4t.tecnocampus.cat\\\/\",\"name\":\"HUB4T\",\"description\":\"Centre d&#039;estudis de postgrau i formaci\u00f3 permanent\",\"potentialAction\":[{\"@type\":\"SearchAction\",\"target\":{\"@type\":\"EntryPoint\",\"urlTemplate\":\"https:\\\/\\\/hub4t.tecnocampus.cat\\\/?s={search_term_string}\"},\"query-input\":{\"@type\":\"PropertyValueSpecification\",\"valueRequired\":true,\"valueName\":\"search_term_string\"}}],\"inLanguage\":\"es\"},{\"@type\":\"Person\",\"@id\":\"https:\\\/\\\/hub4t.tecnocampus.cat\\\/#\\\/schema\\\/person\\\/ef38e43f1d3b6bb7b4abb438664579b1\",\"name\":\"HUB4T TecnoCampus\",\"image\":{\"@type\":\"ImageObject\",\"inLanguage\":\"es\",\"@id\":\"https:\\\/\\\/secure.gravatar.com\\\/avatar\\\/d8188a292e0bdca3bf4b87796bfbf9541a578c25af7ae9c66bdc7505f097a8e2?s=96&d=mm&r=g\",\"url\":\"https:\\\/\\\/secure.gravatar.com\\\/avatar\\\/d8188a292e0bdca3bf4b87796bfbf9541a578c25af7ae9c66bdc7505f097a8e2?s=96&d=mm&r=g\",\"contentUrl\":\"https:\\\/\\\/secure.gravatar.com\\\/avatar\\\/d8188a292e0bdca3bf4b87796bfbf9541a578c25af7ae9c66bdc7505f097a8e2?s=96&d=mm&r=g\",\"caption\":\"HUB4T TecnoCampus\"},\"url\":\"https:\\\/\\\/hub4t.tecnocampus.cat\\\/es\\\/author\\\/hub4t-tecnocampus\\\/\"}]}<\/script>\n<!-- \/ Yoast SEO plugin. -->","yoast_head_json":{"title":"La importancia de la planificaci\u00f3n, preparaci\u00f3n y la readaptaci\u00f3n deportiva en lesiones - HUB4T","robots":{"index":"index","follow":"follow","max-snippet":"max-snippet:-1","max-image-preview":"max-image-preview:large","max-video-preview":"max-video-preview:-1"},"canonical":"https:\/\/hub4t.tecnocampus.cat\/es\/la-importancia-de-la-planificacion-preparacion-y-la-readaptacion-deportiva-en-lesiones\/","og_locale":"es_ES","og_type":"article","og_title":"La importancia de la planificaci\u00f3n, preparaci\u00f3n y la readaptaci\u00f3n deportiva en lesiones - HUB4T","og_description":"Cuando un deportista sufre una lesi\u00f3n, en muchos casos existe un per\u00edodo vac\u00edo entre la recuperaci\u00f3n m\u00e9dica (finalizaci\u00f3n de la fisioterapia) y la vuelta al entrenamiento y\/o la competici\u00f3n. Este per\u00edodo vac\u00edo es un problema que suele traducirse en un peor cumplimiento deportivo despu\u00e9s de la lesi\u00f3n, una recuperaci\u00f3n inefectiva, la aparici\u00f3n de dolores en [&hellip;]","og_url":"https:\/\/hub4t.tecnocampus.cat\/es\/la-importancia-de-la-planificacion-preparacion-y-la-readaptacion-deportiva-en-lesiones\/","og_site_name":"HUB4T","article_published_time":"2019-04-25T11:39:36+00:00","article_modified_time":"2022-06-23T09:14:08+00:00","og_image":[{"width":275,"height":183,"url":"https:\/\/hub4t.tecnocampus.cat\/wp-content\/uploads\/2018\/06\/rehab1.jpeg","type":"image\/jpeg"}],"author":"HUB4T TecnoCampus","twitter_card":"summary_large_image","twitter_misc":{"Escrito por":"HUB4T TecnoCampus","Tiempo de lectura":"5 minutos"},"schema":{"@context":"https:\/\/schema.org","@graph":[{"@type":"Article","@id":"https:\/\/hub4t.tecnocampus.cat\/es\/la-importancia-de-la-planificacion-preparacion-y-la-readaptacion-deportiva-en-lesiones\/#article","isPartOf":{"@id":"https:\/\/hub4t.tecnocampus.cat\/es\/la-importancia-de-la-planificacion-preparacion-y-la-readaptacion-deportiva-en-lesiones\/"},"author":{"name":"HUB4T TecnoCampus","@id":"https:\/\/hub4t.tecnocampus.cat\/#\/schema\/person\/ef38e43f1d3b6bb7b4abb438664579b1"},"headline":"La importancia de la planificaci\u00f3n, preparaci\u00f3n y la readaptaci\u00f3n deportiva en lesiones","datePublished":"2019-04-25T11:39:36+00:00","dateModified":"2022-06-23T09:14:08+00:00","mainEntityOfPage":{"@id":"https:\/\/hub4t.tecnocampus.cat\/es\/la-importancia-de-la-planificacion-preparacion-y-la-readaptacion-deportiva-en-lesiones\/"},"wordCount":903,"commentCount":0,"image":{"@id":"https:\/\/hub4t.tecnocampus.cat\/es\/la-importancia-de-la-planificacion-preparacion-y-la-readaptacion-deportiva-en-lesiones\/#primaryimage"},"thumbnailUrl":"https:\/\/hub4t.tecnocampus.cat\/wp-content\/uploads\/2018\/06\/rehab1.jpeg","articleSection":["Actualidad"],"inLanguage":"es","potentialAction":[{"@type":"CommentAction","name":"Comment","target":["https:\/\/hub4t.tecnocampus.cat\/es\/la-importancia-de-la-planificacion-preparacion-y-la-readaptacion-deportiva-en-lesiones\/#respond"]}]},{"@type":"WebPage","@id":"https:\/\/hub4t.tecnocampus.cat\/es\/la-importancia-de-la-planificacion-preparacion-y-la-readaptacion-deportiva-en-lesiones\/","url":"https:\/\/hub4t.tecnocampus.cat\/es\/la-importancia-de-la-planificacion-preparacion-y-la-readaptacion-deportiva-en-lesiones\/","name":"La importancia de la planificaci\u00f3n, preparaci\u00f3n y la readaptaci\u00f3n deportiva en lesiones - HUB4T","isPartOf":{"@id":"https:\/\/hub4t.tecnocampus.cat\/#website"},"primaryImageOfPage":{"@id":"https:\/\/hub4t.tecnocampus.cat\/es\/la-importancia-de-la-planificacion-preparacion-y-la-readaptacion-deportiva-en-lesiones\/#primaryimage"},"image":{"@id":"https:\/\/hub4t.tecnocampus.cat\/es\/la-importancia-de-la-planificacion-preparacion-y-la-readaptacion-deportiva-en-lesiones\/#primaryimage"},"thumbnailUrl":"https:\/\/hub4t.tecnocampus.cat\/wp-content\/uploads\/2018\/06\/rehab1.jpeg","datePublished":"2019-04-25T11:39:36+00:00","dateModified":"2022-06-23T09:14:08+00:00","author":{"@id":"https:\/\/hub4t.tecnocampus.cat\/#\/schema\/person\/ef38e43f1d3b6bb7b4abb438664579b1"},"breadcrumb":{"@id":"https:\/\/hub4t.tecnocampus.cat\/es\/la-importancia-de-la-planificacion-preparacion-y-la-readaptacion-deportiva-en-lesiones\/#breadcrumb"},"inLanguage":"es","potentialAction":[{"@type":"ReadAction","target":["https:\/\/hub4t.tecnocampus.cat\/es\/la-importancia-de-la-planificacion-preparacion-y-la-readaptacion-deportiva-en-lesiones\/"]}]},{"@type":"ImageObject","inLanguage":"es","@id":"https:\/\/hub4t.tecnocampus.cat\/es\/la-importancia-de-la-planificacion-preparacion-y-la-readaptacion-deportiva-en-lesiones\/#primaryimage","url":"https:\/\/hub4t.tecnocampus.cat\/wp-content\/uploads\/2018\/06\/rehab1.jpeg","contentUrl":"https:\/\/hub4t.tecnocampus.cat\/wp-content\/uploads\/2018\/06\/rehab1.jpeg","width":275,"height":183},{"@type":"BreadcrumbList","@id":"https:\/\/hub4t.tecnocampus.cat\/es\/la-importancia-de-la-planificacion-preparacion-y-la-readaptacion-deportiva-en-lesiones\/#breadcrumb","itemListElement":[{"@type":"ListItem","position":1,"name":"Inici","item":"https:\/\/hub4t.tecnocampus.cat\/"},{"@type":"ListItem","position":2,"name":"La importancia de la planificaci\u00f3n, preparaci\u00f3n y la readaptaci\u00f3n deportiva en lesiones"}]},{"@type":"WebSite","@id":"https:\/\/hub4t.tecnocampus.cat\/#website","url":"https:\/\/hub4t.tecnocampus.cat\/","name":"HUB4T","description":"Centre d&#039;estudis de postgrau i formaci\u00f3 permanent","potentialAction":[{"@type":"SearchAction","target":{"@type":"EntryPoint","urlTemplate":"https:\/\/hub4t.tecnocampus.cat\/?s={search_term_string}"},"query-input":{"@type":"PropertyValueSpecification","valueRequired":true,"valueName":"search_term_string"}}],"inLanguage":"es"},{"@type":"Person","@id":"https:\/\/hub4t.tecnocampus.cat\/#\/schema\/person\/ef38e43f1d3b6bb7b4abb438664579b1","name":"HUB4T TecnoCampus","image":{"@type":"ImageObject","inLanguage":"es","@id":"https:\/\/secure.gravatar.com\/avatar\/d8188a292e0bdca3bf4b87796bfbf9541a578c25af7ae9c66bdc7505f097a8e2?s=96&d=mm&r=g","url":"https:\/\/secure.gravatar.com\/avatar\/d8188a292e0bdca3bf4b87796bfbf9541a578c25af7ae9c66bdc7505f097a8e2?s=96&d=mm&r=g","contentUrl":"https:\/\/secure.gravatar.com\/avatar\/d8188a292e0bdca3bf4b87796bfbf9541a578c25af7ae9c66bdc7505f097a8e2?s=96&d=mm&r=g","caption":"HUB4T TecnoCampus"},"url":"https:\/\/hub4t.tecnocampus.cat\/es\/author\/hub4t-tecnocampus\/"}]}},"_links":{"self":[{"href":"https:\/\/hub4t.tecnocampus.cat\/es\/wp-json\/wp\/v2\/posts\/384","targetHints":{"allow":["GET"]}}],"collection":[{"href":"https:\/\/hub4t.tecnocampus.cat\/es\/wp-json\/wp\/v2\/posts"}],"about":[{"href":"https:\/\/hub4t.tecnocampus.cat\/es\/wp-json\/wp\/v2\/types\/post"}],"author":[{"embeddable":true,"href":"https:\/\/hub4t.tecnocampus.cat\/es\/wp-json\/wp\/v2\/users\/10"}],"replies":[{"embeddable":true,"href":"https:\/\/hub4t.tecnocampus.cat\/es\/wp-json\/wp\/v2\/comments?post=384"}],"version-history":[{"count":5,"href":"https:\/\/hub4t.tecnocampus.cat\/es\/wp-json\/wp\/v2\/posts\/384\/revisions"}],"predecessor-version":[{"id":1243,"href":"https:\/\/hub4t.tecnocampus.cat\/es\/wp-json\/wp\/v2\/posts\/384\/revisions\/1243"}],"wp:featuredmedia":[{"embeddable":true,"href":"https:\/\/hub4t.tecnocampus.cat\/es\/wp-json\/wp\/v2\/media\/1084"}],"wp:attachment":[{"href":"https:\/\/hub4t.tecnocampus.cat\/es\/wp-json\/wp\/v2\/media?parent=384"}],"wp:term":[{"taxonomy":"category","embeddable":true,"href":"https:\/\/hub4t.tecnocampus.cat\/es\/wp-json\/wp\/v2\/categories?post=384"},{"taxonomy":"post_tag","embeddable":true,"href":"https:\/\/hub4t.tecnocampus.cat\/es\/wp-json\/wp\/v2\/tags?post=384"}],"curies":[{"name":"wp","href":"https:\/\/api.w.org\/{rel}","templated":true}]}}