{"id":5612,"date":"2024-10-07T12:52:40","date_gmt":"2024-10-07T10:52:40","guid":{"rendered":"https:\/\/hub4t.tecnocampus.cat\/inici-dels-masters-universitaris-a-tecnocampus-diversitat-internacional-i-ampliacio-de-loferta\/"},"modified":"2024-10-09T11:59:08","modified_gmt":"2024-10-09T09:59:08","slug":"inici-dels-masters-universitaris-a-tecnocampus-diversitat-internacional-i-ampliacio-de-loferta","status":"publish","type":"post","link":"https:\/\/hub4t.tecnocampus.cat\/es\/inici-dels-masters-universitaris-a-tecnocampus-diversitat-internacional-i-ampliacio-de-loferta\/","title":{"rendered":"Inicio de curso de los M\u00e1sters Universitarios en TecnoCampus: Internacionalizaci\u00f3n y ampliaci\u00f3n de la oferta"},"content":{"rendered":"<div class=\"dark-text medium fw-700\">\n<div>\n<p class=\"gt-block\">El curso acad\u00e9mico 2024-2025 ha empezado en TecnoCampus tanto en grados como en los programas de m\u00e1sters universitarios. Este a\u00f1o destaca la incorporaci\u00f3n de un nuevo m\u00e1ster que se a\u00f1ade a la oferta formativa: el <strong>M\u00e1ster Universitario en Formaci\u00f3n del Profesorado con especialidad en Educaci\u00f3n F\u00edsica<\/strong>. Este nuevo programa ha sido dise\u00f1ado para formar a profesionales en el campo educativo, con un enfoque especial en la salud y la actividad f\u00edsica, un \u00e1mbito que ha ganado relevancia en los \u00faltimos a\u00f1os.<\/p>\n<p class=\"gt-block\">Este m\u00e1ster se suma a la oferta ya consolidada de los otros programas de m\u00e1ster del TecnoCampus: el <strong>M\u00e1ster Universitario en Emprendimiento e Innovaci\u00f3n<\/strong>, el\u00a0<strong>M\u00e1ster Universitario en Log\u00edstica, Cadena de Suministro y Negocios Mar\u00edtimos<\/strong>, el\u00a0<strong>M\u00e1ster Universitario en Entrenamiento Personal y Readaptaci\u00f3n F\u00edsico-Deportiva<\/strong>, Y el\u00a0<strong>M\u00e1ster en Atenci\u00f3n a la Cronicidad y el Envejecimiento<\/strong>, que este a\u00f1o inicia su segundo curso. Todos estos masters se han ido consolidando como referentes en sus respectivas \u00e1reas, llegando este a\u00f1o a la cifra de 128 estudiantes matriculados, una cifra que representa un crecimiento del 29% respecto al curso acad\u00e9mico 2023-2024.<\/p>\n<p class=\"gt-block\"><strong><u>Welcome Day: diversidad internacional y crecimiento<\/u><\/strong><\/p>\n<p class=\"gt-block\">El tradicional Welcome Day de los m\u00e1sters universitarios ha sido el punto de partida del curso, dando la bienvenida a los estudiantes, <strong>provenientes de 12 nacionalidades distintas<\/strong>, lo que refleja una vez m\u00e1s el esp\u00edritu internacional e inclusivo del TecnoCampus. Esta diversidad no s\u00f3lo enriquece la experiencia acad\u00e9mica, sino que tambi\u00e9n fomenta la creaci\u00f3n de una comunidad global de futuros profesionales.<\/p>\n<p class=\"gt-block\">Los datos de matr\u00edcula muestran una amplia distribuci\u00f3n geogr\u00e1fica, encabezada por estudiantes espa\u00f1oles, seguidos por un gran grupo de estudiantes procedentes de China. Otras nacionalidades representadas incluyen Per\u00fa, Alemania, M\u00e9xico, Ecuador, Cuba, Bulgaria, Colombia, Pa\u00edses Bajos, Italia y Jordania, demostrando la capacidad del TecnoCampus para atraer talento de todo el mundo.<\/p>\n<p class=\"gt-block\"><strong><u>Una oferta formativa adaptada a los nuevos retos<\/u><\/strong><\/p>\n<p class=\"gt-block\">El TecnoCampus, fiel a su esp\u00edritu innovador, sigue ampliando y adaptando su oferta formativa a los retos y demandas del mercado laboral. El nuevo master en formaci\u00f3n del profesorado especializado en educaci\u00f3n f\u00edsica es una muestra de esta apuesta por la innovaci\u00f3n y la adaptaci\u00f3n a las necesidades actuales.<\/p>\n<p class=\"gt-block\">Adem\u00e1s, los otros m\u00e1sters de TecnoCampus, como el de<strong>Emprendimiento e Innovaci\u00f3n, Entrenamiento Personal y Log\u00edstica<\/strong>, abordan sectores en crecimiento y con una gran demanda de profesionales altamente cualificados. As\u00ed, los estudiantes del TecnoCampus salen listos para afrontar los retos del mercado global.<\/p>\n<\/div>\n<\/div>\n","protected":false},"excerpt":{"rendered":"<p>El curso acad\u00e9mico 2024-2025 ha empezado en TecnoCampus tanto en grados como en los programas de m\u00e1sters universitarios. Este a\u00f1o destaca la incorporaci\u00f3n de un nuevo m\u00e1ster que se a\u00f1ade a la oferta formativa: el M\u00e1ster Universitario en Formaci\u00f3n del Profesorado con especialidad en Educaci\u00f3n F\u00edsica. Este nuevo programa ha sido dise\u00f1ado para formar a [&hellip;]<\/p>\n","protected":false},"author":10,"featured_media":5609,"comment_status":"closed","ping_status":"open","sticky":false,"template":"","format":"standard","meta":{"_acf_changed":false,"_et_pb_use_builder":"","_et_pb_old_content":"","_et_gb_content_width":"","inline_featured_image":false,"footnotes":""},"categories":[2],"tags":[],"class_list":["post-5612","post","type-post","status-publish","format-standard","has-post-thumbnail","hentry","category-actualidad-masters-y-postgrados-del-area-de-salud-empresa-tecnologia"],"acf":[],"yoast_head":"<!-- This site is optimized with the Yoast SEO plugin v27.3 - https:\/\/yoast.com\/product\/yoast-seo-wordpress\/ -->\n<title>Inicio de curso de los M\u00e1sters Universitarios en TecnoCampus: Internacionalizaci\u00f3n y ampliaci\u00f3n de la oferta - HUB4T<\/title>\n<meta name=\"robots\" content=\"index, follow, max-snippet:-1, max-image-preview:large, max-video-preview:-1\" \/>\n<link rel=\"canonical\" href=\"https:\/\/hub4t.tecnocampus.cat\/es\/inici-dels-masters-universitaris-a-tecnocampus-diversitat-internacional-i-ampliacio-de-loferta\/\" \/>\n<meta property=\"og:locale\" content=\"es_ES\" \/>\n<meta property=\"og:type\" content=\"article\" \/>\n<meta property=\"og:title\" content=\"Inicio de curso de los M\u00e1sters Universitarios en TecnoCampus: Internacionalizaci\u00f3n y ampliaci\u00f3n de la oferta - HUB4T\" \/>\n<meta property=\"og:description\" content=\"El curso acad\u00e9mico 2024-2025 ha empezado en TecnoCampus tanto en grados como en los programas de m\u00e1sters universitarios. Este a\u00f1o destaca la incorporaci\u00f3n de un nuevo m\u00e1ster que se a\u00f1ade a la oferta formativa: el M\u00e1ster Universitario en Formaci\u00f3n del Profesorado con especialidad en Educaci\u00f3n F\u00edsica. Este nuevo programa ha sido dise\u00f1ado para formar a [&hellip;]\" \/>\n<meta property=\"og:url\" content=\"https:\/\/hub4t.tecnocampus.cat\/es\/inici-dels-masters-universitaris-a-tecnocampus-diversitat-internacional-i-ampliacio-de-loferta\/\" \/>\n<meta property=\"og:site_name\" content=\"HUB4T\" \/>\n<meta property=\"article:published_time\" content=\"2024-10-07T10:52:40+00:00\" \/>\n<meta property=\"article:modified_time\" content=\"2024-10-09T09:59:08+00:00\" \/>\n<meta property=\"og:image\" content=\"https:\/\/hub4t.tecnocampus.cat\/wp-content\/uploads\/2024\/10\/welcome-day-bienvenida-masters-universitarios-hub4t-tecnocampus-upf.jpg\" \/>\n\t<meta property=\"og:image:width\" content=\"700\" \/>\n\t<meta property=\"og:image:height\" content=\"525\" \/>\n\t<meta property=\"og:image:type\" content=\"image\/jpeg\" \/>\n<meta name=\"author\" content=\"HUB4T TecnoCampus\" \/>\n<meta name=\"twitter:card\" content=\"summary_large_image\" \/>\n<meta name=\"twitter:label1\" content=\"Escrito por\" \/>\n\t<meta name=\"twitter:data1\" content=\"HUB4T TecnoCampus\" \/>\n\t<meta name=\"twitter:label2\" content=\"Tiempo de lectura\" \/>\n\t<meta name=\"twitter:data2\" content=\"3 minutos\" \/>\n<script type=\"application\/ld+json\" class=\"yoast-schema-graph\">{\"@context\":\"https:\\\/\\\/schema.org\",\"@graph\":[{\"@type\":\"Article\",\"@id\":\"https:\\\/\\\/hub4t.tecnocampus.cat\\\/es\\\/inici-dels-masters-universitaris-a-tecnocampus-diversitat-internacional-i-ampliacio-de-loferta\\\/#article\",\"isPartOf\":{\"@id\":\"https:\\\/\\\/hub4t.tecnocampus.cat\\\/es\\\/inici-dels-masters-universitaris-a-tecnocampus-diversitat-internacional-i-ampliacio-de-loferta\\\/\"},\"author\":{\"name\":\"HUB4T TecnoCampus\",\"@id\":\"https:\\\/\\\/hub4t.tecnocampus.cat\\\/#\\\/schema\\\/person\\\/ef38e43f1d3b6bb7b4abb438664579b1\"},\"headline\":\"Inicio de curso de los M\u00e1sters Universitarios en TecnoCampus: Internacionalizaci\u00f3n y ampliaci\u00f3n de la oferta\",\"datePublished\":\"2024-10-07T10:52:40+00:00\",\"dateModified\":\"2024-10-09T09:59:08+00:00\",\"mainEntityOfPage\":{\"@id\":\"https:\\\/\\\/hub4t.tecnocampus.cat\\\/es\\\/inici-dels-masters-universitaris-a-tecnocampus-diversitat-internacional-i-ampliacio-de-loferta\\\/\"},\"wordCount\":462,\"image\":{\"@id\":\"https:\\\/\\\/hub4t.tecnocampus.cat\\\/es\\\/inici-dels-masters-universitaris-a-tecnocampus-diversitat-internacional-i-ampliacio-de-loferta\\\/#primaryimage\"},\"thumbnailUrl\":\"https:\\\/\\\/hub4t.tecnocampus.cat\\\/wp-content\\\/uploads\\\/2024\\\/10\\\/welcome-day-bienvenida-masters-universitarios-hub4t-tecnocampus-upf.jpg\",\"articleSection\":[\"Actualidad\"],\"inLanguage\":\"es\"},{\"@type\":\"WebPage\",\"@id\":\"https:\\\/\\\/hub4t.tecnocampus.cat\\\/es\\\/inici-dels-masters-universitaris-a-tecnocampus-diversitat-internacional-i-ampliacio-de-loferta\\\/\",\"url\":\"https:\\\/\\\/hub4t.tecnocampus.cat\\\/es\\\/inici-dels-masters-universitaris-a-tecnocampus-diversitat-internacional-i-ampliacio-de-loferta\\\/\",\"name\":\"Inicio de curso de los M\u00e1sters Universitarios en TecnoCampus: Internacionalizaci\u00f3n y ampliaci\u00f3n de la oferta - HUB4T\",\"isPartOf\":{\"@id\":\"https:\\\/\\\/hub4t.tecnocampus.cat\\\/#website\"},\"primaryImageOfPage\":{\"@id\":\"https:\\\/\\\/hub4t.tecnocampus.cat\\\/es\\\/inici-dels-masters-universitaris-a-tecnocampus-diversitat-internacional-i-ampliacio-de-loferta\\\/#primaryimage\"},\"image\":{\"@id\":\"https:\\\/\\\/hub4t.tecnocampus.cat\\\/es\\\/inici-dels-masters-universitaris-a-tecnocampus-diversitat-internacional-i-ampliacio-de-loferta\\\/#primaryimage\"},\"thumbnailUrl\":\"https:\\\/\\\/hub4t.tecnocampus.cat\\\/wp-content\\\/uploads\\\/2024\\\/10\\\/welcome-day-bienvenida-masters-universitarios-hub4t-tecnocampus-upf.jpg\",\"datePublished\":\"2024-10-07T10:52:40+00:00\",\"dateModified\":\"2024-10-09T09:59:08+00:00\",\"author\":{\"@id\":\"https:\\\/\\\/hub4t.tecnocampus.cat\\\/#\\\/schema\\\/person\\\/ef38e43f1d3b6bb7b4abb438664579b1\"},\"breadcrumb\":{\"@id\":\"https:\\\/\\\/hub4t.tecnocampus.cat\\\/es\\\/inici-dels-masters-universitaris-a-tecnocampus-diversitat-internacional-i-ampliacio-de-loferta\\\/#breadcrumb\"},\"inLanguage\":\"es\",\"potentialAction\":[{\"@type\":\"ReadAction\",\"target\":[\"https:\\\/\\\/hub4t.tecnocampus.cat\\\/es\\\/inici-dels-masters-universitaris-a-tecnocampus-diversitat-internacional-i-ampliacio-de-loferta\\\/\"]}]},{\"@type\":\"ImageObject\",\"inLanguage\":\"es\",\"@id\":\"https:\\\/\\\/hub4t.tecnocampus.cat\\\/es\\\/inici-dels-masters-universitaris-a-tecnocampus-diversitat-internacional-i-ampliacio-de-loferta\\\/#primaryimage\",\"url\":\"https:\\\/\\\/hub4t.tecnocampus.cat\\\/wp-content\\\/uploads\\\/2024\\\/10\\\/welcome-day-bienvenida-masters-universitarios-hub4t-tecnocampus-upf.jpg\",\"contentUrl\":\"https:\\\/\\\/hub4t.tecnocampus.cat\\\/wp-content\\\/uploads\\\/2024\\\/10\\\/welcome-day-bienvenida-masters-universitarios-hub4t-tecnocampus-upf.jpg\",\"width\":700,\"height\":525},{\"@type\":\"BreadcrumbList\",\"@id\":\"https:\\\/\\\/hub4t.tecnocampus.cat\\\/es\\\/inici-dels-masters-universitaris-a-tecnocampus-diversitat-internacional-i-ampliacio-de-loferta\\\/#breadcrumb\",\"itemListElement\":[{\"@type\":\"ListItem\",\"position\":1,\"name\":\"Inici\",\"item\":\"https:\\\/\\\/hub4t.tecnocampus.cat\\\/\"},{\"@type\":\"ListItem\",\"position\":2,\"name\":\"Inicio de curso de los M\u00e1sters Universitarios en TecnoCampus: Internacionalizaci\u00f3n y ampliaci\u00f3n de la oferta\"}]},{\"@type\":\"WebSite\",\"@id\":\"https:\\\/\\\/hub4t.tecnocampus.cat\\\/#website\",\"url\":\"https:\\\/\\\/hub4t.tecnocampus.cat\\\/\",\"name\":\"HUB4T\",\"description\":\"Centre d&#039;estudis de postgrau i formaci\u00f3 permanent\",\"potentialAction\":[{\"@type\":\"SearchAction\",\"target\":{\"@type\":\"EntryPoint\",\"urlTemplate\":\"https:\\\/\\\/hub4t.tecnocampus.cat\\\/?s={search_term_string}\"},\"query-input\":{\"@type\":\"PropertyValueSpecification\",\"valueRequired\":true,\"valueName\":\"search_term_string\"}}],\"inLanguage\":\"es\"},{\"@type\":\"Person\",\"@id\":\"https:\\\/\\\/hub4t.tecnocampus.cat\\\/#\\\/schema\\\/person\\\/ef38e43f1d3b6bb7b4abb438664579b1\",\"name\":\"HUB4T TecnoCampus\",\"image\":{\"@type\":\"ImageObject\",\"inLanguage\":\"es\",\"@id\":\"https:\\\/\\\/secure.gravatar.com\\\/avatar\\\/d8188a292e0bdca3bf4b87796bfbf9541a578c25af7ae9c66bdc7505f097a8e2?s=96&d=mm&r=g\",\"url\":\"https:\\\/\\\/secure.gravatar.com\\\/avatar\\\/d8188a292e0bdca3bf4b87796bfbf9541a578c25af7ae9c66bdc7505f097a8e2?s=96&d=mm&r=g\",\"contentUrl\":\"https:\\\/\\\/secure.gravatar.com\\\/avatar\\\/d8188a292e0bdca3bf4b87796bfbf9541a578c25af7ae9c66bdc7505f097a8e2?s=96&d=mm&r=g\",\"caption\":\"HUB4T TecnoCampus\"},\"url\":\"https:\\\/\\\/hub4t.tecnocampus.cat\\\/es\\\/author\\\/hub4t-tecnocampus\\\/\"}]}<\/script>\n<!-- \/ Yoast SEO plugin. -->","yoast_head_json":{"title":"Inicio de curso de los M\u00e1sters Universitarios en TecnoCampus: Internacionalizaci\u00f3n y ampliaci\u00f3n de la oferta - HUB4T","robots":{"index":"index","follow":"follow","max-snippet":"max-snippet:-1","max-image-preview":"max-image-preview:large","max-video-preview":"max-video-preview:-1"},"canonical":"https:\/\/hub4t.tecnocampus.cat\/es\/inici-dels-masters-universitaris-a-tecnocampus-diversitat-internacional-i-ampliacio-de-loferta\/","og_locale":"es_ES","og_type":"article","og_title":"Inicio de curso de los M\u00e1sters Universitarios en TecnoCampus: Internacionalizaci\u00f3n y ampliaci\u00f3n de la oferta - HUB4T","og_description":"El curso acad\u00e9mico 2024-2025 ha empezado en TecnoCampus tanto en grados como en los programas de m\u00e1sters universitarios. Este a\u00f1o destaca la incorporaci\u00f3n de un nuevo m\u00e1ster que se a\u00f1ade a la oferta formativa: el M\u00e1ster Universitario en Formaci\u00f3n del Profesorado con especialidad en Educaci\u00f3n F\u00edsica. Este nuevo programa ha sido dise\u00f1ado para formar a [&hellip;]","og_url":"https:\/\/hub4t.tecnocampus.cat\/es\/inici-dels-masters-universitaris-a-tecnocampus-diversitat-internacional-i-ampliacio-de-loferta\/","og_site_name":"HUB4T","article_published_time":"2024-10-07T10:52:40+00:00","article_modified_time":"2024-10-09T09:59:08+00:00","og_image":[{"width":700,"height":525,"url":"https:\/\/hub4t.tecnocampus.cat\/wp-content\/uploads\/2024\/10\/welcome-day-bienvenida-masters-universitarios-hub4t-tecnocampus-upf.jpg","type":"image\/jpeg"}],"author":"HUB4T TecnoCampus","twitter_card":"summary_large_image","twitter_misc":{"Escrito por":"HUB4T TecnoCampus","Tiempo de lectura":"3 minutos"},"schema":{"@context":"https:\/\/schema.org","@graph":[{"@type":"Article","@id":"https:\/\/hub4t.tecnocampus.cat\/es\/inici-dels-masters-universitaris-a-tecnocampus-diversitat-internacional-i-ampliacio-de-loferta\/#article","isPartOf":{"@id":"https:\/\/hub4t.tecnocampus.cat\/es\/inici-dels-masters-universitaris-a-tecnocampus-diversitat-internacional-i-ampliacio-de-loferta\/"},"author":{"name":"HUB4T TecnoCampus","@id":"https:\/\/hub4t.tecnocampus.cat\/#\/schema\/person\/ef38e43f1d3b6bb7b4abb438664579b1"},"headline":"Inicio de curso de los M\u00e1sters Universitarios en TecnoCampus: Internacionalizaci\u00f3n y ampliaci\u00f3n de la oferta","datePublished":"2024-10-07T10:52:40+00:00","dateModified":"2024-10-09T09:59:08+00:00","mainEntityOfPage":{"@id":"https:\/\/hub4t.tecnocampus.cat\/es\/inici-dels-masters-universitaris-a-tecnocampus-diversitat-internacional-i-ampliacio-de-loferta\/"},"wordCount":462,"image":{"@id":"https:\/\/hub4t.tecnocampus.cat\/es\/inici-dels-masters-universitaris-a-tecnocampus-diversitat-internacional-i-ampliacio-de-loferta\/#primaryimage"},"thumbnailUrl":"https:\/\/hub4t.tecnocampus.cat\/wp-content\/uploads\/2024\/10\/welcome-day-bienvenida-masters-universitarios-hub4t-tecnocampus-upf.jpg","articleSection":["Actualidad"],"inLanguage":"es"},{"@type":"WebPage","@id":"https:\/\/hub4t.tecnocampus.cat\/es\/inici-dels-masters-universitaris-a-tecnocampus-diversitat-internacional-i-ampliacio-de-loferta\/","url":"https:\/\/hub4t.tecnocampus.cat\/es\/inici-dels-masters-universitaris-a-tecnocampus-diversitat-internacional-i-ampliacio-de-loferta\/","name":"Inicio de curso de los M\u00e1sters Universitarios en TecnoCampus: Internacionalizaci\u00f3n y ampliaci\u00f3n de la oferta - HUB4T","isPartOf":{"@id":"https:\/\/hub4t.tecnocampus.cat\/#website"},"primaryImageOfPage":{"@id":"https:\/\/hub4t.tecnocampus.cat\/es\/inici-dels-masters-universitaris-a-tecnocampus-diversitat-internacional-i-ampliacio-de-loferta\/#primaryimage"},"image":{"@id":"https:\/\/hub4t.tecnocampus.cat\/es\/inici-dels-masters-universitaris-a-tecnocampus-diversitat-internacional-i-ampliacio-de-loferta\/#primaryimage"},"thumbnailUrl":"https:\/\/hub4t.tecnocampus.cat\/wp-content\/uploads\/2024\/10\/welcome-day-bienvenida-masters-universitarios-hub4t-tecnocampus-upf.jpg","datePublished":"2024-10-07T10:52:40+00:00","dateModified":"2024-10-09T09:59:08+00:00","author":{"@id":"https:\/\/hub4t.tecnocampus.cat\/#\/schema\/person\/ef38e43f1d3b6bb7b4abb438664579b1"},"breadcrumb":{"@id":"https:\/\/hub4t.tecnocampus.cat\/es\/inici-dels-masters-universitaris-a-tecnocampus-diversitat-internacional-i-ampliacio-de-loferta\/#breadcrumb"},"inLanguage":"es","potentialAction":[{"@type":"ReadAction","target":["https:\/\/hub4t.tecnocampus.cat\/es\/inici-dels-masters-universitaris-a-tecnocampus-diversitat-internacional-i-ampliacio-de-loferta\/"]}]},{"@type":"ImageObject","inLanguage":"es","@id":"https:\/\/hub4t.tecnocampus.cat\/es\/inici-dels-masters-universitaris-a-tecnocampus-diversitat-internacional-i-ampliacio-de-loferta\/#primaryimage","url":"https:\/\/hub4t.tecnocampus.cat\/wp-content\/uploads\/2024\/10\/welcome-day-bienvenida-masters-universitarios-hub4t-tecnocampus-upf.jpg","contentUrl":"https:\/\/hub4t.tecnocampus.cat\/wp-content\/uploads\/2024\/10\/welcome-day-bienvenida-masters-universitarios-hub4t-tecnocampus-upf.jpg","width":700,"height":525},{"@type":"BreadcrumbList","@id":"https:\/\/hub4t.tecnocampus.cat\/es\/inici-dels-masters-universitaris-a-tecnocampus-diversitat-internacional-i-ampliacio-de-loferta\/#breadcrumb","itemListElement":[{"@type":"ListItem","position":1,"name":"Inici","item":"https:\/\/hub4t.tecnocampus.cat\/"},{"@type":"ListItem","position":2,"name":"Inicio de curso de los M\u00e1sters Universitarios en TecnoCampus: Internacionalizaci\u00f3n y ampliaci\u00f3n de la oferta"}]},{"@type":"WebSite","@id":"https:\/\/hub4t.tecnocampus.cat\/#website","url":"https:\/\/hub4t.tecnocampus.cat\/","name":"HUB4T","description":"Centre d&#039;estudis de postgrau i formaci\u00f3 permanent","potentialAction":[{"@type":"SearchAction","target":{"@type":"EntryPoint","urlTemplate":"https:\/\/hub4t.tecnocampus.cat\/?s={search_term_string}"},"query-input":{"@type":"PropertyValueSpecification","valueRequired":true,"valueName":"search_term_string"}}],"inLanguage":"es"},{"@type":"Person","@id":"https:\/\/hub4t.tecnocampus.cat\/#\/schema\/person\/ef38e43f1d3b6bb7b4abb438664579b1","name":"HUB4T TecnoCampus","image":{"@type":"ImageObject","inLanguage":"es","@id":"https:\/\/secure.gravatar.com\/avatar\/d8188a292e0bdca3bf4b87796bfbf9541a578c25af7ae9c66bdc7505f097a8e2?s=96&d=mm&r=g","url":"https:\/\/secure.gravatar.com\/avatar\/d8188a292e0bdca3bf4b87796bfbf9541a578c25af7ae9c66bdc7505f097a8e2?s=96&d=mm&r=g","contentUrl":"https:\/\/secure.gravatar.com\/avatar\/d8188a292e0bdca3bf4b87796bfbf9541a578c25af7ae9c66bdc7505f097a8e2?s=96&d=mm&r=g","caption":"HUB4T TecnoCampus"},"url":"https:\/\/hub4t.tecnocampus.cat\/es\/author\/hub4t-tecnocampus\/"}]}},"_links":{"self":[{"href":"https:\/\/hub4t.tecnocampus.cat\/es\/wp-json\/wp\/v2\/posts\/5612","targetHints":{"allow":["GET"]}}],"collection":[{"href":"https:\/\/hub4t.tecnocampus.cat\/es\/wp-json\/wp\/v2\/posts"}],"about":[{"href":"https:\/\/hub4t.tecnocampus.cat\/es\/wp-json\/wp\/v2\/types\/post"}],"author":[{"embeddable":true,"href":"https:\/\/hub4t.tecnocampus.cat\/es\/wp-json\/wp\/v2\/users\/10"}],"replies":[{"embeddable":true,"href":"https:\/\/hub4t.tecnocampus.cat\/es\/wp-json\/wp\/v2\/comments?post=5612"}],"version-history":[{"count":6,"href":"https:\/\/hub4t.tecnocampus.cat\/es\/wp-json\/wp\/v2\/posts\/5612\/revisions"}],"predecessor-version":[{"id":5630,"href":"https:\/\/hub4t.tecnocampus.cat\/es\/wp-json\/wp\/v2\/posts\/5612\/revisions\/5630"}],"wp:featuredmedia":[{"embeddable":true,"href":"https:\/\/hub4t.tecnocampus.cat\/es\/wp-json\/wp\/v2\/media\/5609"}],"wp:attachment":[{"href":"https:\/\/hub4t.tecnocampus.cat\/es\/wp-json\/wp\/v2\/media?parent=5612"}],"wp:term":[{"taxonomy":"category","embeddable":true,"href":"https:\/\/hub4t.tecnocampus.cat\/es\/wp-json\/wp\/v2\/categories?post=5612"},{"taxonomy":"post_tag","embeddable":true,"href":"https:\/\/hub4t.tecnocampus.cat\/es\/wp-json\/wp\/v2\/tags?post=5612"}],"curies":[{"name":"wp","href":"https:\/\/api.w.org\/{rel}","templated":true}]}}