{"id":5827,"date":"2025-01-14T11:13:48","date_gmt":"2025-01-14T09:13:48","guid":{"rendered":"https:\/\/hub4t.tecnocampus.cat\/?p=5827"},"modified":"2025-01-14T11:22:07","modified_gmt":"2025-01-14T09:22:07","slug":"mantener-y-potenciar-el-talento-joven-la-generacion-z-en-el-ambito-laboral","status":"publish","type":"post","link":"https:\/\/hub4t.tecnocampus.cat\/es\/mantener-y-potenciar-el-talento-joven-la-generacion-z-en-el-ambito-laboral\/","title":{"rendered":"Mantener y potenciar el talento joven. La \u201cGeneraci\u00f3n Z\u201d en el \u00e1mbito laboral"},"content":{"rendered":"<p>El mundo laboral est\u00e1 experimentando una transformaci\u00f3n marcada por las nuevas prioridades del talento emergente. Seg\u00fan datos recientes, el 62% de los j\u00f3venes profesionales valoran m\u00e1s aspectos como la conciliaci\u00f3n y el bienestar personal que el salario, siempre que este sea competitivo y suficiente para cubrir el coste de vida actual.<\/p>\n<p>Este cambio de paradigma evidencia que las generaciones m\u00e1s j\u00f3venes no buscan solo un empleo, sino una experiencia laboral equilibrada y adaptada a sus necesidades personales. Esto no significa que el salario deje de ser importante; la retribuci\u00f3n econ\u00f3mica sigue siendo fundamental, pero, una vez se alcanza un nivel competitivo que permite vivir dignamente, otros factores ganan protagonismo a la hora de decidir d\u00f3nde trabajar o si permanecer en una empresa a largo plazo.<\/p>\n<p>Estas nuevas expectativas plantean retos importantes para las empresas que deseen captar y retener talento joven. Las organizaciones ya no pueden limitarse a ofrecer mejoras salariales para atraer profesionales; deben dar un paso m\u00e1s y centrar sus estrategias en aspectos como: una buena conciliaci\u00f3n laboral y personal, flexibilidad horaria, posibilidades de teletrabajo, entornos que cuiden la salud mental y un liderazgo emp\u00e1tico que fomente la escucha activa.<\/p>\n<p>Para responder a estas tendencias, el servicio de orientaci\u00f3n profesional <strong><a href=\"https:\/\/www.tecnocampus.cat\/es\/informacio-estudiants\/tecnorienta-projectat-professionalment\">TecnOrienta<\/a><\/strong> del TecnoCampus apuesta por construir puentes entre las nuevas generaciones y las empresas, adapt\u00e1ndose a las demandas de un mercado laboral en constante evoluci\u00f3n. Si vuestra empresa desea explorar oportunidades de colaboraci\u00f3n o necesita apoyo para entender mejor c\u00f3mo atraer y fidelizar talento, pod\u00e9is contactar con nosotros en <a rel=\"noopener\">orientacioprofessional@tecnocampus.cat<\/a>.<\/p>\n","protected":false},"excerpt":{"rendered":"<p>El mundo laboral est\u00e1 experimentando una transformaci\u00f3n marcada por las nuevas prioridades del talento emergente. Seg\u00fan datos recientes, el 62% de los j\u00f3venes profesionales valoran m\u00e1s aspectos como la conciliaci\u00f3n y el bienestar personal que el salario, siempre que este sea competitivo y suficiente para cubrir el coste de vida actual. Este cambio de paradigma [&hellip;]<\/p>\n","protected":false},"author":10,"featured_media":5825,"comment_status":"closed","ping_status":"open","sticky":false,"template":"","format":"standard","meta":{"_acf_changed":false,"_et_pb_use_builder":"","_et_pb_old_content":"","_et_gb_content_width":"","inline_featured_image":false,"footnotes":""},"categories":[2],"tags":[],"class_list":["post-5827","post","type-post","status-publish","format-standard","has-post-thumbnail","hentry","category-actualidad-masters-y-postgrados-del-area-de-salud-empresa-tecnologia"],"acf":[],"yoast_head":"<!-- This site is optimized with the Yoast SEO plugin v27.3 - https:\/\/yoast.com\/product\/yoast-seo-wordpress\/ -->\n<title>Mantener y potenciar el talento joven. La \u201cGeneraci\u00f3n Z\u201d en el \u00e1mbito laboral - HUB4T<\/title>\n<meta name=\"robots\" content=\"index, follow, max-snippet:-1, max-image-preview:large, max-video-preview:-1\" \/>\n<link rel=\"canonical\" href=\"https:\/\/hub4t.tecnocampus.cat\/es\/mantener-y-potenciar-el-talento-joven-la-generacion-z-en-el-ambito-laboral\/\" \/>\n<meta property=\"og:locale\" content=\"es_ES\" \/>\n<meta property=\"og:type\" content=\"article\" \/>\n<meta property=\"og:title\" content=\"Mantener y potenciar el talento joven. La \u201cGeneraci\u00f3n Z\u201d en el \u00e1mbito laboral - HUB4T\" \/>\n<meta property=\"og:description\" content=\"El mundo laboral est\u00e1 experimentando una transformaci\u00f3n marcada por las nuevas prioridades del talento emergente. Seg\u00fan datos recientes, el 62% de los j\u00f3venes profesionales valoran m\u00e1s aspectos como la conciliaci\u00f3n y el bienestar personal que el salario, siempre que este sea competitivo y suficiente para cubrir el coste de vida actual. Este cambio de paradigma [&hellip;]\" \/>\n<meta property=\"og:url\" content=\"https:\/\/hub4t.tecnocampus.cat\/es\/mantener-y-potenciar-el-talento-joven-la-generacion-z-en-el-ambito-laboral\/\" \/>\n<meta property=\"og:site_name\" content=\"HUB4T\" \/>\n<meta property=\"article:published_time\" content=\"2025-01-14T09:13:48+00:00\" \/>\n<meta property=\"article:modified_time\" content=\"2025-01-14T09:22:07+00:00\" \/>\n<meta property=\"og:image\" content=\"https:\/\/hub4t.tecnocampus.cat\/wp-content\/uploads\/2025\/01\/tecnorienta-talent-jove-empreses-tecnocampus-hub4t.jpg\" \/>\n\t<meta property=\"og:image:width\" content=\"1600\" \/>\n\t<meta property=\"og:image:height\" content=\"1000\" \/>\n\t<meta property=\"og:image:type\" content=\"image\/jpeg\" \/>\n<meta name=\"author\" content=\"HUB4T TecnoCampus\" \/>\n<meta name=\"twitter:card\" content=\"summary_large_image\" \/>\n<meta name=\"twitter:label1\" content=\"Escrito por\" \/>\n\t<meta name=\"twitter:data1\" content=\"HUB4T TecnoCampus\" \/>\n\t<meta name=\"twitter:label2\" content=\"Tiempo de lectura\" \/>\n\t<meta name=\"twitter:data2\" content=\"2 minutos\" \/>\n<script type=\"application\/ld+json\" class=\"yoast-schema-graph\">{\"@context\":\"https:\\\/\\\/schema.org\",\"@graph\":[{\"@type\":\"Article\",\"@id\":\"https:\\\/\\\/hub4t.tecnocampus.cat\\\/es\\\/mantener-y-potenciar-el-talento-joven-la-generacion-z-en-el-ambito-laboral\\\/#article\",\"isPartOf\":{\"@id\":\"https:\\\/\\\/hub4t.tecnocampus.cat\\\/es\\\/mantener-y-potenciar-el-talento-joven-la-generacion-z-en-el-ambito-laboral\\\/\"},\"author\":{\"name\":\"HUB4T TecnoCampus\",\"@id\":\"https:\\\/\\\/hub4t.tecnocampus.cat\\\/#\\\/schema\\\/person\\\/ef38e43f1d3b6bb7b4abb438664579b1\"},\"headline\":\"Mantener y potenciar el talento joven. La \u201cGeneraci\u00f3n Z\u201d en el \u00e1mbito laboral\",\"datePublished\":\"2025-01-14T09:13:48+00:00\",\"dateModified\":\"2025-01-14T09:22:07+00:00\",\"mainEntityOfPage\":{\"@id\":\"https:\\\/\\\/hub4t.tecnocampus.cat\\\/es\\\/mantener-y-potenciar-el-talento-joven-la-generacion-z-en-el-ambito-laboral\\\/\"},\"wordCount\":286,\"image\":{\"@id\":\"https:\\\/\\\/hub4t.tecnocampus.cat\\\/es\\\/mantener-y-potenciar-el-talento-joven-la-generacion-z-en-el-ambito-laboral\\\/#primaryimage\"},\"thumbnailUrl\":\"https:\\\/\\\/hub4t.tecnocampus.cat\\\/wp-content\\\/uploads\\\/2025\\\/01\\\/tecnorienta-talent-jove-empreses-tecnocampus-hub4t.jpg\",\"articleSection\":[\"Actualidad\"],\"inLanguage\":\"es\"},{\"@type\":\"WebPage\",\"@id\":\"https:\\\/\\\/hub4t.tecnocampus.cat\\\/es\\\/mantener-y-potenciar-el-talento-joven-la-generacion-z-en-el-ambito-laboral\\\/\",\"url\":\"https:\\\/\\\/hub4t.tecnocampus.cat\\\/es\\\/mantener-y-potenciar-el-talento-joven-la-generacion-z-en-el-ambito-laboral\\\/\",\"name\":\"Mantener y potenciar el talento joven. La \u201cGeneraci\u00f3n Z\u201d en el \u00e1mbito laboral - HUB4T\",\"isPartOf\":{\"@id\":\"https:\\\/\\\/hub4t.tecnocampus.cat\\\/#website\"},\"primaryImageOfPage\":{\"@id\":\"https:\\\/\\\/hub4t.tecnocampus.cat\\\/es\\\/mantener-y-potenciar-el-talento-joven-la-generacion-z-en-el-ambito-laboral\\\/#primaryimage\"},\"image\":{\"@id\":\"https:\\\/\\\/hub4t.tecnocampus.cat\\\/es\\\/mantener-y-potenciar-el-talento-joven-la-generacion-z-en-el-ambito-laboral\\\/#primaryimage\"},\"thumbnailUrl\":\"https:\\\/\\\/hub4t.tecnocampus.cat\\\/wp-content\\\/uploads\\\/2025\\\/01\\\/tecnorienta-talent-jove-empreses-tecnocampus-hub4t.jpg\",\"datePublished\":\"2025-01-14T09:13:48+00:00\",\"dateModified\":\"2025-01-14T09:22:07+00:00\",\"author\":{\"@id\":\"https:\\\/\\\/hub4t.tecnocampus.cat\\\/#\\\/schema\\\/person\\\/ef38e43f1d3b6bb7b4abb438664579b1\"},\"breadcrumb\":{\"@id\":\"https:\\\/\\\/hub4t.tecnocampus.cat\\\/es\\\/mantener-y-potenciar-el-talento-joven-la-generacion-z-en-el-ambito-laboral\\\/#breadcrumb\"},\"inLanguage\":\"es\",\"potentialAction\":[{\"@type\":\"ReadAction\",\"target\":[\"https:\\\/\\\/hub4t.tecnocampus.cat\\\/es\\\/mantener-y-potenciar-el-talento-joven-la-generacion-z-en-el-ambito-laboral\\\/\"]}]},{\"@type\":\"ImageObject\",\"inLanguage\":\"es\",\"@id\":\"https:\\\/\\\/hub4t.tecnocampus.cat\\\/es\\\/mantener-y-potenciar-el-talento-joven-la-generacion-z-en-el-ambito-laboral\\\/#primaryimage\",\"url\":\"https:\\\/\\\/hub4t.tecnocampus.cat\\\/wp-content\\\/uploads\\\/2025\\\/01\\\/tecnorienta-talent-jove-empreses-tecnocampus-hub4t.jpg\",\"contentUrl\":\"https:\\\/\\\/hub4t.tecnocampus.cat\\\/wp-content\\\/uploads\\\/2025\\\/01\\\/tecnorienta-talent-jove-empreses-tecnocampus-hub4t.jpg\",\"width\":1600,\"height\":1000},{\"@type\":\"BreadcrumbList\",\"@id\":\"https:\\\/\\\/hub4t.tecnocampus.cat\\\/es\\\/mantener-y-potenciar-el-talento-joven-la-generacion-z-en-el-ambito-laboral\\\/#breadcrumb\",\"itemListElement\":[{\"@type\":\"ListItem\",\"position\":1,\"name\":\"Inici\",\"item\":\"https:\\\/\\\/hub4t.tecnocampus.cat\\\/\"},{\"@type\":\"ListItem\",\"position\":2,\"name\":\"Mantener y potenciar el talento joven. La \u201cGeneraci\u00f3n Z\u201d en el \u00e1mbito laboral\"}]},{\"@type\":\"WebSite\",\"@id\":\"https:\\\/\\\/hub4t.tecnocampus.cat\\\/#website\",\"url\":\"https:\\\/\\\/hub4t.tecnocampus.cat\\\/\",\"name\":\"HUB4T\",\"description\":\"Centre d&#039;estudis de postgrau i formaci\u00f3 permanent\",\"potentialAction\":[{\"@type\":\"SearchAction\",\"target\":{\"@type\":\"EntryPoint\",\"urlTemplate\":\"https:\\\/\\\/hub4t.tecnocampus.cat\\\/?s={search_term_string}\"},\"query-input\":{\"@type\":\"PropertyValueSpecification\",\"valueRequired\":true,\"valueName\":\"search_term_string\"}}],\"inLanguage\":\"es\"},{\"@type\":\"Person\",\"@id\":\"https:\\\/\\\/hub4t.tecnocampus.cat\\\/#\\\/schema\\\/person\\\/ef38e43f1d3b6bb7b4abb438664579b1\",\"name\":\"HUB4T TecnoCampus\",\"image\":{\"@type\":\"ImageObject\",\"inLanguage\":\"es\",\"@id\":\"https:\\\/\\\/secure.gravatar.com\\\/avatar\\\/d8188a292e0bdca3bf4b87796bfbf9541a578c25af7ae9c66bdc7505f097a8e2?s=96&d=mm&r=g\",\"url\":\"https:\\\/\\\/secure.gravatar.com\\\/avatar\\\/d8188a292e0bdca3bf4b87796bfbf9541a578c25af7ae9c66bdc7505f097a8e2?s=96&d=mm&r=g\",\"contentUrl\":\"https:\\\/\\\/secure.gravatar.com\\\/avatar\\\/d8188a292e0bdca3bf4b87796bfbf9541a578c25af7ae9c66bdc7505f097a8e2?s=96&d=mm&r=g\",\"caption\":\"HUB4T TecnoCampus\"},\"url\":\"https:\\\/\\\/hub4t.tecnocampus.cat\\\/es\\\/author\\\/hub4t-tecnocampus\\\/\"}]}<\/script>\n<!-- \/ Yoast SEO plugin. -->","yoast_head_json":{"title":"Mantener y potenciar el talento joven. La \u201cGeneraci\u00f3n Z\u201d en el \u00e1mbito laboral - HUB4T","robots":{"index":"index","follow":"follow","max-snippet":"max-snippet:-1","max-image-preview":"max-image-preview:large","max-video-preview":"max-video-preview:-1"},"canonical":"https:\/\/hub4t.tecnocampus.cat\/es\/mantener-y-potenciar-el-talento-joven-la-generacion-z-en-el-ambito-laboral\/","og_locale":"es_ES","og_type":"article","og_title":"Mantener y potenciar el talento joven. La \u201cGeneraci\u00f3n Z\u201d en el \u00e1mbito laboral - HUB4T","og_description":"El mundo laboral est\u00e1 experimentando una transformaci\u00f3n marcada por las nuevas prioridades del talento emergente. Seg\u00fan datos recientes, el 62% de los j\u00f3venes profesionales valoran m\u00e1s aspectos como la conciliaci\u00f3n y el bienestar personal que el salario, siempre que este sea competitivo y suficiente para cubrir el coste de vida actual. Este cambio de paradigma [&hellip;]","og_url":"https:\/\/hub4t.tecnocampus.cat\/es\/mantener-y-potenciar-el-talento-joven-la-generacion-z-en-el-ambito-laboral\/","og_site_name":"HUB4T","article_published_time":"2025-01-14T09:13:48+00:00","article_modified_time":"2025-01-14T09:22:07+00:00","og_image":[{"width":1600,"height":1000,"url":"https:\/\/hub4t.tecnocampus.cat\/wp-content\/uploads\/2025\/01\/tecnorienta-talent-jove-empreses-tecnocampus-hub4t.jpg","type":"image\/jpeg"}],"author":"HUB4T TecnoCampus","twitter_card":"summary_large_image","twitter_misc":{"Escrito por":"HUB4T TecnoCampus","Tiempo de lectura":"2 minutos"},"schema":{"@context":"https:\/\/schema.org","@graph":[{"@type":"Article","@id":"https:\/\/hub4t.tecnocampus.cat\/es\/mantener-y-potenciar-el-talento-joven-la-generacion-z-en-el-ambito-laboral\/#article","isPartOf":{"@id":"https:\/\/hub4t.tecnocampus.cat\/es\/mantener-y-potenciar-el-talento-joven-la-generacion-z-en-el-ambito-laboral\/"},"author":{"name":"HUB4T TecnoCampus","@id":"https:\/\/hub4t.tecnocampus.cat\/#\/schema\/person\/ef38e43f1d3b6bb7b4abb438664579b1"},"headline":"Mantener y potenciar el talento joven. La \u201cGeneraci\u00f3n Z\u201d en el \u00e1mbito laboral","datePublished":"2025-01-14T09:13:48+00:00","dateModified":"2025-01-14T09:22:07+00:00","mainEntityOfPage":{"@id":"https:\/\/hub4t.tecnocampus.cat\/es\/mantener-y-potenciar-el-talento-joven-la-generacion-z-en-el-ambito-laboral\/"},"wordCount":286,"image":{"@id":"https:\/\/hub4t.tecnocampus.cat\/es\/mantener-y-potenciar-el-talento-joven-la-generacion-z-en-el-ambito-laboral\/#primaryimage"},"thumbnailUrl":"https:\/\/hub4t.tecnocampus.cat\/wp-content\/uploads\/2025\/01\/tecnorienta-talent-jove-empreses-tecnocampus-hub4t.jpg","articleSection":["Actualidad"],"inLanguage":"es"},{"@type":"WebPage","@id":"https:\/\/hub4t.tecnocampus.cat\/es\/mantener-y-potenciar-el-talento-joven-la-generacion-z-en-el-ambito-laboral\/","url":"https:\/\/hub4t.tecnocampus.cat\/es\/mantener-y-potenciar-el-talento-joven-la-generacion-z-en-el-ambito-laboral\/","name":"Mantener y potenciar el talento joven. La \u201cGeneraci\u00f3n Z\u201d en el \u00e1mbito laboral - HUB4T","isPartOf":{"@id":"https:\/\/hub4t.tecnocampus.cat\/#website"},"primaryImageOfPage":{"@id":"https:\/\/hub4t.tecnocampus.cat\/es\/mantener-y-potenciar-el-talento-joven-la-generacion-z-en-el-ambito-laboral\/#primaryimage"},"image":{"@id":"https:\/\/hub4t.tecnocampus.cat\/es\/mantener-y-potenciar-el-talento-joven-la-generacion-z-en-el-ambito-laboral\/#primaryimage"},"thumbnailUrl":"https:\/\/hub4t.tecnocampus.cat\/wp-content\/uploads\/2025\/01\/tecnorienta-talent-jove-empreses-tecnocampus-hub4t.jpg","datePublished":"2025-01-14T09:13:48+00:00","dateModified":"2025-01-14T09:22:07+00:00","author":{"@id":"https:\/\/hub4t.tecnocampus.cat\/#\/schema\/person\/ef38e43f1d3b6bb7b4abb438664579b1"},"breadcrumb":{"@id":"https:\/\/hub4t.tecnocampus.cat\/es\/mantener-y-potenciar-el-talento-joven-la-generacion-z-en-el-ambito-laboral\/#breadcrumb"},"inLanguage":"es","potentialAction":[{"@type":"ReadAction","target":["https:\/\/hub4t.tecnocampus.cat\/es\/mantener-y-potenciar-el-talento-joven-la-generacion-z-en-el-ambito-laboral\/"]}]},{"@type":"ImageObject","inLanguage":"es","@id":"https:\/\/hub4t.tecnocampus.cat\/es\/mantener-y-potenciar-el-talento-joven-la-generacion-z-en-el-ambito-laboral\/#primaryimage","url":"https:\/\/hub4t.tecnocampus.cat\/wp-content\/uploads\/2025\/01\/tecnorienta-talent-jove-empreses-tecnocampus-hub4t.jpg","contentUrl":"https:\/\/hub4t.tecnocampus.cat\/wp-content\/uploads\/2025\/01\/tecnorienta-talent-jove-empreses-tecnocampus-hub4t.jpg","width":1600,"height":1000},{"@type":"BreadcrumbList","@id":"https:\/\/hub4t.tecnocampus.cat\/es\/mantener-y-potenciar-el-talento-joven-la-generacion-z-en-el-ambito-laboral\/#breadcrumb","itemListElement":[{"@type":"ListItem","position":1,"name":"Inici","item":"https:\/\/hub4t.tecnocampus.cat\/"},{"@type":"ListItem","position":2,"name":"Mantener y potenciar el talento joven. La \u201cGeneraci\u00f3n Z\u201d en el \u00e1mbito laboral"}]},{"@type":"WebSite","@id":"https:\/\/hub4t.tecnocampus.cat\/#website","url":"https:\/\/hub4t.tecnocampus.cat\/","name":"HUB4T","description":"Centre d&#039;estudis de postgrau i formaci\u00f3 permanent","potentialAction":[{"@type":"SearchAction","target":{"@type":"EntryPoint","urlTemplate":"https:\/\/hub4t.tecnocampus.cat\/?s={search_term_string}"},"query-input":{"@type":"PropertyValueSpecification","valueRequired":true,"valueName":"search_term_string"}}],"inLanguage":"es"},{"@type":"Person","@id":"https:\/\/hub4t.tecnocampus.cat\/#\/schema\/person\/ef38e43f1d3b6bb7b4abb438664579b1","name":"HUB4T TecnoCampus","image":{"@type":"ImageObject","inLanguage":"es","@id":"https:\/\/secure.gravatar.com\/avatar\/d8188a292e0bdca3bf4b87796bfbf9541a578c25af7ae9c66bdc7505f097a8e2?s=96&d=mm&r=g","url":"https:\/\/secure.gravatar.com\/avatar\/d8188a292e0bdca3bf4b87796bfbf9541a578c25af7ae9c66bdc7505f097a8e2?s=96&d=mm&r=g","contentUrl":"https:\/\/secure.gravatar.com\/avatar\/d8188a292e0bdca3bf4b87796bfbf9541a578c25af7ae9c66bdc7505f097a8e2?s=96&d=mm&r=g","caption":"HUB4T TecnoCampus"},"url":"https:\/\/hub4t.tecnocampus.cat\/es\/author\/hub4t-tecnocampus\/"}]}},"_links":{"self":[{"href":"https:\/\/hub4t.tecnocampus.cat\/es\/wp-json\/wp\/v2\/posts\/5827","targetHints":{"allow":["GET"]}}],"collection":[{"href":"https:\/\/hub4t.tecnocampus.cat\/es\/wp-json\/wp\/v2\/posts"}],"about":[{"href":"https:\/\/hub4t.tecnocampus.cat\/es\/wp-json\/wp\/v2\/types\/post"}],"author":[{"embeddable":true,"href":"https:\/\/hub4t.tecnocampus.cat\/es\/wp-json\/wp\/v2\/users\/10"}],"replies":[{"embeddable":true,"href":"https:\/\/hub4t.tecnocampus.cat\/es\/wp-json\/wp\/v2\/comments?post=5827"}],"version-history":[{"count":4,"href":"https:\/\/hub4t.tecnocampus.cat\/es\/wp-json\/wp\/v2\/posts\/5827\/revisions"}],"predecessor-version":[{"id":5833,"href":"https:\/\/hub4t.tecnocampus.cat\/es\/wp-json\/wp\/v2\/posts\/5827\/revisions\/5833"}],"wp:featuredmedia":[{"embeddable":true,"href":"https:\/\/hub4t.tecnocampus.cat\/es\/wp-json\/wp\/v2\/media\/5825"}],"wp:attachment":[{"href":"https:\/\/hub4t.tecnocampus.cat\/es\/wp-json\/wp\/v2\/media?parent=5827"}],"wp:term":[{"taxonomy":"category","embeddable":true,"href":"https:\/\/hub4t.tecnocampus.cat\/es\/wp-json\/wp\/v2\/categories?post=5827"},{"taxonomy":"post_tag","embeddable":true,"href":"https:\/\/hub4t.tecnocampus.cat\/es\/wp-json\/wp\/v2\/tags?post=5827"}],"curies":[{"name":"wp","href":"https:\/\/api.w.org\/{rel}","templated":true}]}}