{"id":6014,"date":"2025-09-26T11:54:07","date_gmt":"2025-09-26T09:54:07","guid":{"rendered":"https:\/\/hub4t.tecnocampus.cat\/?p=6014"},"modified":"2025-09-26T11:54:34","modified_gmt":"2025-09-26T09:54:34","slug":"hub4t-tecnocampus-inicia-el-programa-formativo-en-ciberseguridad-nio-dirigido-a-personas-con-discapacidad-de-la-fundacion-prevent","status":"publish","type":"post","link":"https:\/\/hub4t.tecnocampus.cat\/es\/hub4t-tecnocampus-inicia-el-programa-formativo-en-ciberseguridad-nio-dirigido-a-personas-con-discapacidad-de-la-fundacion-prevent\/","title":{"rendered":"HUB4T TecnoCampus inicia el programa formativo en ciberseguridad NIO, dirigido a personas con discapacidad de la Fundaci\u00f3n Prevent"},"content":{"rendered":"<p>En un mundo cada vez m\u00e1s digitalizado, la ciberseguridad se ha consolidado como un \u00e1mbito estrat\u00e9gico con una creciente demanda de profesionales cualificados. Con el objetivo de promover la inclusi\u00f3n laboral y generar nuevas oportunidades, la Fundaci\u00f3n Prevent y HUB4T TecnoCampus impulsan el programa\u00a0<strong>NIO<\/strong>, que este curso llega a la\u00a0<strong>7\u00aa y 8\u00aa edici\u00f3n<\/strong>, con sesiones en\u00a0<strong>horario de ma\u00f1ana y tarde<\/strong> y un total de\u00a0<strong>64 alumnos inscritos<\/strong> es estas \u00faltimas dos ediciones.<\/p>\n<p>Este itinerario formativo, coordinado por\u00a0<strong>Pere Barberan<\/strong>, est\u00e1 dise\u00f1ado para personas con discapacidad y con inter\u00e9s en las nuevas tecnolog\u00edas. Su objetivo es capacitar y acompa\u00f1ar a las personas en su proceso inicial de inserci\u00f3n en una profesi\u00f3n de alta demanda como es el sector tecnol\u00f3gico y en todos los sectores digitalizados: servicios, automoci\u00f3n, salud, consultor\u00eda, etc. Adem\u00e1s de la capacitaci\u00f3n t\u00e9cnica en ciberseguridad, el programa trabaja\u00a0<strong>habilidades transversales y competencias profesionales clave<\/strong> para favorecer la inserci\u00f3n laboral.<\/p>\n<p>El alumnado tiene la oportunidad de obtener un certificado como curso de especializaci\u00f3n en Ciberseguridad, emitido por el TecnoCampus \u2014centro universitario adscrito a la Universidad Pompeu Fabra\u2014.<\/p>\n<p>El programa combina\u00a0<strong>sesiones te\u00f3ricas, ejercicios pr\u00e1cticos tutorizados y actividades de acompa\u00f1amiento profesional<\/strong>, con el apoyo de empresas referentes en el sector de la ciberseguridad.<\/p>\n<p>Con iniciativas como el programa NIO, HUB4T TecnoCampus y la Fundaci\u00f3n Prevent ponen de relieve\u00a0<strong>el poder transformador de la educaci\u00f3n y la tecnolog\u00eda como motores de inclusi\u00f3n y empleabilidad<\/strong>.\u00a0&#x1f680;<\/p>\n","protected":false},"excerpt":{"rendered":"<p>En un mundo cada vez m\u00e1s digitalizado, la ciberseguridad se ha consolidado como un \u00e1mbito estrat\u00e9gico con una creciente demanda de profesionales cualificados. Con el objetivo de promover la inclusi\u00f3n laboral y generar nuevas oportunidades, la Fundaci\u00f3n Prevent y HUB4T TecnoCampus impulsan el programa\u00a0NIO, que este curso llega a la\u00a07\u00aa y 8\u00aa edici\u00f3n, con sesiones [&hellip;]<\/p>\n","protected":false},"author":10,"featured_media":6011,"comment_status":"closed","ping_status":"open","sticky":false,"template":"","format":"standard","meta":{"_acf_changed":false,"_et_pb_use_builder":"","_et_pb_old_content":"","_et_gb_content_width":"","inline_featured_image":false,"footnotes":""},"categories":[75],"tags":[],"class_list":["post-6014","post","type-post","status-publish","format-standard","has-post-thumbnail","hentry","category-programas-formativos-masters-y-postgrados-del-area-de-salud-empresa-tecnologia"],"acf":[],"yoast_head":"<!-- This site is optimized with the Yoast SEO plugin v27.3 - https:\/\/yoast.com\/product\/yoast-seo-wordpress\/ -->\n<title>Programa NIO de ciberseguridad para personas con discapacidad<\/title>\n<meta name=\"description\" content=\"HUB4T TecnoCampus y Fundaci\u00f3n Prevent impulsan el programa NIO, una formaci\u00f3n inclusiva en ciberseguridad para personas con discapacidad.\" \/>\n<meta name=\"robots\" content=\"index, follow, max-snippet:-1, max-image-preview:large, max-video-preview:-1\" \/>\n<link rel=\"canonical\" href=\"https:\/\/hub4t.tecnocampus.cat\/es\/hub4t-tecnocampus-inicia-el-programa-formativo-en-ciberseguridad-nio-dirigido-a-personas-con-discapacidad-de-la-fundacion-prevent\/\" \/>\n<meta property=\"og:locale\" content=\"es_ES\" \/>\n<meta property=\"og:type\" content=\"article\" \/>\n<meta property=\"og:title\" content=\"Programa NIO de ciberseguridad para personas con discapacidad\" \/>\n<meta property=\"og:description\" content=\"HUB4T TecnoCampus y Fundaci\u00f3n Prevent impulsan el programa NIO, una formaci\u00f3n inclusiva en ciberseguridad para personas con discapacidad.\" \/>\n<meta property=\"og:url\" content=\"https:\/\/hub4t.tecnocampus.cat\/es\/hub4t-tecnocampus-inicia-el-programa-formativo-en-ciberseguridad-nio-dirigido-a-personas-con-discapacidad-de-la-fundacion-prevent\/\" \/>\n<meta property=\"og:site_name\" content=\"HUB4T\" \/>\n<meta property=\"article:published_time\" content=\"2025-09-26T09:54:07+00:00\" \/>\n<meta property=\"article:modified_time\" content=\"2025-09-26T09:54:34+00:00\" \/>\n<meta property=\"og:image\" content=\"https:\/\/hub4t.tecnocampus.cat\/wp-content\/uploads\/2025\/09\/Captura-de-pantalla-2025-09-17-173700-3.png\" \/>\n\t<meta property=\"og:image:width\" content=\"960\" \/>\n\t<meta property=\"og:image:height\" content=\"522\" \/>\n\t<meta property=\"og:image:type\" content=\"image\/png\" \/>\n<meta name=\"author\" content=\"HUB4T TecnoCampus\" \/>\n<meta name=\"twitter:card\" content=\"summary_large_image\" \/>\n<meta name=\"twitter:label1\" content=\"Escrito por\" \/>\n\t<meta name=\"twitter:data1\" content=\"HUB4T TecnoCampus\" \/>\n\t<meta name=\"twitter:label2\" content=\"Tiempo de lectura\" \/>\n\t<meta name=\"twitter:data2\" content=\"2 minutos\" \/>\n<script type=\"application\/ld+json\" class=\"yoast-schema-graph\">{\"@context\":\"https:\\\/\\\/schema.org\",\"@graph\":[{\"@type\":\"Article\",\"@id\":\"https:\\\/\\\/hub4t.tecnocampus.cat\\\/es\\\/hub4t-tecnocampus-inicia-el-programa-formativo-en-ciberseguridad-nio-dirigido-a-personas-con-discapacidad-de-la-fundacion-prevent\\\/#article\",\"isPartOf\":{\"@id\":\"https:\\\/\\\/hub4t.tecnocampus.cat\\\/es\\\/hub4t-tecnocampus-inicia-el-programa-formativo-en-ciberseguridad-nio-dirigido-a-personas-con-discapacidad-de-la-fundacion-prevent\\\/\"},\"author\":{\"name\":\"HUB4T TecnoCampus\",\"@id\":\"https:\\\/\\\/hub4t.tecnocampus.cat\\\/#\\\/schema\\\/person\\\/ef38e43f1d3b6bb7b4abb438664579b1\"},\"headline\":\"HUB4T TecnoCampus inicia el programa formativo en ciberseguridad NIO, dirigido a personas con discapacidad de la Fundaci\u00f3n Prevent\",\"datePublished\":\"2025-09-26T09:54:07+00:00\",\"dateModified\":\"2025-09-26T09:54:34+00:00\",\"mainEntityOfPage\":{\"@id\":\"https:\\\/\\\/hub4t.tecnocampus.cat\\\/es\\\/hub4t-tecnocampus-inicia-el-programa-formativo-en-ciberseguridad-nio-dirigido-a-personas-con-discapacidad-de-la-fundacion-prevent\\\/\"},\"wordCount\":283,\"image\":{\"@id\":\"https:\\\/\\\/hub4t.tecnocampus.cat\\\/es\\\/hub4t-tecnocampus-inicia-el-programa-formativo-en-ciberseguridad-nio-dirigido-a-personas-con-discapacidad-de-la-fundacion-prevent\\\/#primaryimage\"},\"thumbnailUrl\":\"https:\\\/\\\/hub4t.tecnocampus.cat\\\/wp-content\\\/uploads\\\/2025\\\/09\\\/Captura-de-pantalla-2025-09-17-173700-3.png\",\"articleSection\":[\"Programas Formativos\"],\"inLanguage\":\"es\"},{\"@type\":\"WebPage\",\"@id\":\"https:\\\/\\\/hub4t.tecnocampus.cat\\\/es\\\/hub4t-tecnocampus-inicia-el-programa-formativo-en-ciberseguridad-nio-dirigido-a-personas-con-discapacidad-de-la-fundacion-prevent\\\/\",\"url\":\"https:\\\/\\\/hub4t.tecnocampus.cat\\\/es\\\/hub4t-tecnocampus-inicia-el-programa-formativo-en-ciberseguridad-nio-dirigido-a-personas-con-discapacidad-de-la-fundacion-prevent\\\/\",\"name\":\"Programa NIO de ciberseguridad para personas con discapacidad\",\"isPartOf\":{\"@id\":\"https:\\\/\\\/hub4t.tecnocampus.cat\\\/#website\"},\"primaryImageOfPage\":{\"@id\":\"https:\\\/\\\/hub4t.tecnocampus.cat\\\/es\\\/hub4t-tecnocampus-inicia-el-programa-formativo-en-ciberseguridad-nio-dirigido-a-personas-con-discapacidad-de-la-fundacion-prevent\\\/#primaryimage\"},\"image\":{\"@id\":\"https:\\\/\\\/hub4t.tecnocampus.cat\\\/es\\\/hub4t-tecnocampus-inicia-el-programa-formativo-en-ciberseguridad-nio-dirigido-a-personas-con-discapacidad-de-la-fundacion-prevent\\\/#primaryimage\"},\"thumbnailUrl\":\"https:\\\/\\\/hub4t.tecnocampus.cat\\\/wp-content\\\/uploads\\\/2025\\\/09\\\/Captura-de-pantalla-2025-09-17-173700-3.png\",\"datePublished\":\"2025-09-26T09:54:07+00:00\",\"dateModified\":\"2025-09-26T09:54:34+00:00\",\"author\":{\"@id\":\"https:\\\/\\\/hub4t.tecnocampus.cat\\\/#\\\/schema\\\/person\\\/ef38e43f1d3b6bb7b4abb438664579b1\"},\"description\":\"HUB4T TecnoCampus y Fundaci\u00f3n Prevent impulsan el programa NIO, una formaci\u00f3n inclusiva en ciberseguridad para personas con discapacidad.\",\"breadcrumb\":{\"@id\":\"https:\\\/\\\/hub4t.tecnocampus.cat\\\/es\\\/hub4t-tecnocampus-inicia-el-programa-formativo-en-ciberseguridad-nio-dirigido-a-personas-con-discapacidad-de-la-fundacion-prevent\\\/#breadcrumb\"},\"inLanguage\":\"es\",\"potentialAction\":[{\"@type\":\"ReadAction\",\"target\":[\"https:\\\/\\\/hub4t.tecnocampus.cat\\\/es\\\/hub4t-tecnocampus-inicia-el-programa-formativo-en-ciberseguridad-nio-dirigido-a-personas-con-discapacidad-de-la-fundacion-prevent\\\/\"]}]},{\"@type\":\"ImageObject\",\"inLanguage\":\"es\",\"@id\":\"https:\\\/\\\/hub4t.tecnocampus.cat\\\/es\\\/hub4t-tecnocampus-inicia-el-programa-formativo-en-ciberseguridad-nio-dirigido-a-personas-con-discapacidad-de-la-fundacion-prevent\\\/#primaryimage\",\"url\":\"https:\\\/\\\/hub4t.tecnocampus.cat\\\/wp-content\\\/uploads\\\/2025\\\/09\\\/Captura-de-pantalla-2025-09-17-173700-3.png\",\"contentUrl\":\"https:\\\/\\\/hub4t.tecnocampus.cat\\\/wp-content\\\/uploads\\\/2025\\\/09\\\/Captura-de-pantalla-2025-09-17-173700-3.png\",\"width\":960,\"height\":522,\"caption\":\"Alumnes en l\u00ednia durant la sessi\u00f3 inicial del programa NIO de ciberseguretat.\"},{\"@type\":\"BreadcrumbList\",\"@id\":\"https:\\\/\\\/hub4t.tecnocampus.cat\\\/es\\\/hub4t-tecnocampus-inicia-el-programa-formativo-en-ciberseguridad-nio-dirigido-a-personas-con-discapacidad-de-la-fundacion-prevent\\\/#breadcrumb\",\"itemListElement\":[{\"@type\":\"ListItem\",\"position\":1,\"name\":\"Inici\",\"item\":\"https:\\\/\\\/hub4t.tecnocampus.cat\\\/\"},{\"@type\":\"ListItem\",\"position\":2,\"name\":\"HUB4T TecnoCampus inicia el programa formativo en ciberseguridad NIO, dirigido a personas con discapacidad de la Fundaci\u00f3n Prevent\"}]},{\"@type\":\"WebSite\",\"@id\":\"https:\\\/\\\/hub4t.tecnocampus.cat\\\/#website\",\"url\":\"https:\\\/\\\/hub4t.tecnocampus.cat\\\/\",\"name\":\"HUB4T\",\"description\":\"Centre d&#039;estudis de postgrau i formaci\u00f3 permanent\",\"potentialAction\":[{\"@type\":\"SearchAction\",\"target\":{\"@type\":\"EntryPoint\",\"urlTemplate\":\"https:\\\/\\\/hub4t.tecnocampus.cat\\\/?s={search_term_string}\"},\"query-input\":{\"@type\":\"PropertyValueSpecification\",\"valueRequired\":true,\"valueName\":\"search_term_string\"}}],\"inLanguage\":\"es\"},{\"@type\":\"Person\",\"@id\":\"https:\\\/\\\/hub4t.tecnocampus.cat\\\/#\\\/schema\\\/person\\\/ef38e43f1d3b6bb7b4abb438664579b1\",\"name\":\"HUB4T TecnoCampus\",\"image\":{\"@type\":\"ImageObject\",\"inLanguage\":\"es\",\"@id\":\"https:\\\/\\\/secure.gravatar.com\\\/avatar\\\/d8188a292e0bdca3bf4b87796bfbf9541a578c25af7ae9c66bdc7505f097a8e2?s=96&d=mm&r=g\",\"url\":\"https:\\\/\\\/secure.gravatar.com\\\/avatar\\\/d8188a292e0bdca3bf4b87796bfbf9541a578c25af7ae9c66bdc7505f097a8e2?s=96&d=mm&r=g\",\"contentUrl\":\"https:\\\/\\\/secure.gravatar.com\\\/avatar\\\/d8188a292e0bdca3bf4b87796bfbf9541a578c25af7ae9c66bdc7505f097a8e2?s=96&d=mm&r=g\",\"caption\":\"HUB4T TecnoCampus\"},\"url\":\"https:\\\/\\\/hub4t.tecnocampus.cat\\\/es\\\/author\\\/hub4t-tecnocampus\\\/\"}]}<\/script>\n<!-- \/ Yoast SEO plugin. -->","yoast_head_json":{"title":"Programa NIO de ciberseguridad para personas con discapacidad","description":"HUB4T TecnoCampus y Fundaci\u00f3n Prevent impulsan el programa NIO, una formaci\u00f3n inclusiva en ciberseguridad para personas con discapacidad.","robots":{"index":"index","follow":"follow","max-snippet":"max-snippet:-1","max-image-preview":"max-image-preview:large","max-video-preview":"max-video-preview:-1"},"canonical":"https:\/\/hub4t.tecnocampus.cat\/es\/hub4t-tecnocampus-inicia-el-programa-formativo-en-ciberseguridad-nio-dirigido-a-personas-con-discapacidad-de-la-fundacion-prevent\/","og_locale":"es_ES","og_type":"article","og_title":"Programa NIO de ciberseguridad para personas con discapacidad","og_description":"HUB4T TecnoCampus y Fundaci\u00f3n Prevent impulsan el programa NIO, una formaci\u00f3n inclusiva en ciberseguridad para personas con discapacidad.","og_url":"https:\/\/hub4t.tecnocampus.cat\/es\/hub4t-tecnocampus-inicia-el-programa-formativo-en-ciberseguridad-nio-dirigido-a-personas-con-discapacidad-de-la-fundacion-prevent\/","og_site_name":"HUB4T","article_published_time":"2025-09-26T09:54:07+00:00","article_modified_time":"2025-09-26T09:54:34+00:00","og_image":[{"width":960,"height":522,"url":"https:\/\/hub4t.tecnocampus.cat\/wp-content\/uploads\/2025\/09\/Captura-de-pantalla-2025-09-17-173700-3.png","type":"image\/png"}],"author":"HUB4T TecnoCampus","twitter_card":"summary_large_image","twitter_misc":{"Escrito por":"HUB4T TecnoCampus","Tiempo de lectura":"2 minutos"},"schema":{"@context":"https:\/\/schema.org","@graph":[{"@type":"Article","@id":"https:\/\/hub4t.tecnocampus.cat\/es\/hub4t-tecnocampus-inicia-el-programa-formativo-en-ciberseguridad-nio-dirigido-a-personas-con-discapacidad-de-la-fundacion-prevent\/#article","isPartOf":{"@id":"https:\/\/hub4t.tecnocampus.cat\/es\/hub4t-tecnocampus-inicia-el-programa-formativo-en-ciberseguridad-nio-dirigido-a-personas-con-discapacidad-de-la-fundacion-prevent\/"},"author":{"name":"HUB4T TecnoCampus","@id":"https:\/\/hub4t.tecnocampus.cat\/#\/schema\/person\/ef38e43f1d3b6bb7b4abb438664579b1"},"headline":"HUB4T TecnoCampus inicia el programa formativo en ciberseguridad NIO, dirigido a personas con discapacidad de la Fundaci\u00f3n Prevent","datePublished":"2025-09-26T09:54:07+00:00","dateModified":"2025-09-26T09:54:34+00:00","mainEntityOfPage":{"@id":"https:\/\/hub4t.tecnocampus.cat\/es\/hub4t-tecnocampus-inicia-el-programa-formativo-en-ciberseguridad-nio-dirigido-a-personas-con-discapacidad-de-la-fundacion-prevent\/"},"wordCount":283,"image":{"@id":"https:\/\/hub4t.tecnocampus.cat\/es\/hub4t-tecnocampus-inicia-el-programa-formativo-en-ciberseguridad-nio-dirigido-a-personas-con-discapacidad-de-la-fundacion-prevent\/#primaryimage"},"thumbnailUrl":"https:\/\/hub4t.tecnocampus.cat\/wp-content\/uploads\/2025\/09\/Captura-de-pantalla-2025-09-17-173700-3.png","articleSection":["Programas Formativos"],"inLanguage":"es"},{"@type":"WebPage","@id":"https:\/\/hub4t.tecnocampus.cat\/es\/hub4t-tecnocampus-inicia-el-programa-formativo-en-ciberseguridad-nio-dirigido-a-personas-con-discapacidad-de-la-fundacion-prevent\/","url":"https:\/\/hub4t.tecnocampus.cat\/es\/hub4t-tecnocampus-inicia-el-programa-formativo-en-ciberseguridad-nio-dirigido-a-personas-con-discapacidad-de-la-fundacion-prevent\/","name":"Programa NIO de ciberseguridad para personas con discapacidad","isPartOf":{"@id":"https:\/\/hub4t.tecnocampus.cat\/#website"},"primaryImageOfPage":{"@id":"https:\/\/hub4t.tecnocampus.cat\/es\/hub4t-tecnocampus-inicia-el-programa-formativo-en-ciberseguridad-nio-dirigido-a-personas-con-discapacidad-de-la-fundacion-prevent\/#primaryimage"},"image":{"@id":"https:\/\/hub4t.tecnocampus.cat\/es\/hub4t-tecnocampus-inicia-el-programa-formativo-en-ciberseguridad-nio-dirigido-a-personas-con-discapacidad-de-la-fundacion-prevent\/#primaryimage"},"thumbnailUrl":"https:\/\/hub4t.tecnocampus.cat\/wp-content\/uploads\/2025\/09\/Captura-de-pantalla-2025-09-17-173700-3.png","datePublished":"2025-09-26T09:54:07+00:00","dateModified":"2025-09-26T09:54:34+00:00","author":{"@id":"https:\/\/hub4t.tecnocampus.cat\/#\/schema\/person\/ef38e43f1d3b6bb7b4abb438664579b1"},"description":"HUB4T TecnoCampus y Fundaci\u00f3n Prevent impulsan el programa NIO, una formaci\u00f3n inclusiva en ciberseguridad para personas con discapacidad.","breadcrumb":{"@id":"https:\/\/hub4t.tecnocampus.cat\/es\/hub4t-tecnocampus-inicia-el-programa-formativo-en-ciberseguridad-nio-dirigido-a-personas-con-discapacidad-de-la-fundacion-prevent\/#breadcrumb"},"inLanguage":"es","potentialAction":[{"@type":"ReadAction","target":["https:\/\/hub4t.tecnocampus.cat\/es\/hub4t-tecnocampus-inicia-el-programa-formativo-en-ciberseguridad-nio-dirigido-a-personas-con-discapacidad-de-la-fundacion-prevent\/"]}]},{"@type":"ImageObject","inLanguage":"es","@id":"https:\/\/hub4t.tecnocampus.cat\/es\/hub4t-tecnocampus-inicia-el-programa-formativo-en-ciberseguridad-nio-dirigido-a-personas-con-discapacidad-de-la-fundacion-prevent\/#primaryimage","url":"https:\/\/hub4t.tecnocampus.cat\/wp-content\/uploads\/2025\/09\/Captura-de-pantalla-2025-09-17-173700-3.png","contentUrl":"https:\/\/hub4t.tecnocampus.cat\/wp-content\/uploads\/2025\/09\/Captura-de-pantalla-2025-09-17-173700-3.png","width":960,"height":522,"caption":"Alumnes en l\u00ednia durant la sessi\u00f3 inicial del programa NIO de ciberseguretat."},{"@type":"BreadcrumbList","@id":"https:\/\/hub4t.tecnocampus.cat\/es\/hub4t-tecnocampus-inicia-el-programa-formativo-en-ciberseguridad-nio-dirigido-a-personas-con-discapacidad-de-la-fundacion-prevent\/#breadcrumb","itemListElement":[{"@type":"ListItem","position":1,"name":"Inici","item":"https:\/\/hub4t.tecnocampus.cat\/"},{"@type":"ListItem","position":2,"name":"HUB4T TecnoCampus inicia el programa formativo en ciberseguridad NIO, dirigido a personas con discapacidad de la Fundaci\u00f3n Prevent"}]},{"@type":"WebSite","@id":"https:\/\/hub4t.tecnocampus.cat\/#website","url":"https:\/\/hub4t.tecnocampus.cat\/","name":"HUB4T","description":"Centre d&#039;estudis de postgrau i formaci\u00f3 permanent","potentialAction":[{"@type":"SearchAction","target":{"@type":"EntryPoint","urlTemplate":"https:\/\/hub4t.tecnocampus.cat\/?s={search_term_string}"},"query-input":{"@type":"PropertyValueSpecification","valueRequired":true,"valueName":"search_term_string"}}],"inLanguage":"es"},{"@type":"Person","@id":"https:\/\/hub4t.tecnocampus.cat\/#\/schema\/person\/ef38e43f1d3b6bb7b4abb438664579b1","name":"HUB4T TecnoCampus","image":{"@type":"ImageObject","inLanguage":"es","@id":"https:\/\/secure.gravatar.com\/avatar\/d8188a292e0bdca3bf4b87796bfbf9541a578c25af7ae9c66bdc7505f097a8e2?s=96&d=mm&r=g","url":"https:\/\/secure.gravatar.com\/avatar\/d8188a292e0bdca3bf4b87796bfbf9541a578c25af7ae9c66bdc7505f097a8e2?s=96&d=mm&r=g","contentUrl":"https:\/\/secure.gravatar.com\/avatar\/d8188a292e0bdca3bf4b87796bfbf9541a578c25af7ae9c66bdc7505f097a8e2?s=96&d=mm&r=g","caption":"HUB4T TecnoCampus"},"url":"https:\/\/hub4t.tecnocampus.cat\/es\/author\/hub4t-tecnocampus\/"}]}},"_links":{"self":[{"href":"https:\/\/hub4t.tecnocampus.cat\/es\/wp-json\/wp\/v2\/posts\/6014","targetHints":{"allow":["GET"]}}],"collection":[{"href":"https:\/\/hub4t.tecnocampus.cat\/es\/wp-json\/wp\/v2\/posts"}],"about":[{"href":"https:\/\/hub4t.tecnocampus.cat\/es\/wp-json\/wp\/v2\/types\/post"}],"author":[{"embeddable":true,"href":"https:\/\/hub4t.tecnocampus.cat\/es\/wp-json\/wp\/v2\/users\/10"}],"replies":[{"embeddable":true,"href":"https:\/\/hub4t.tecnocampus.cat\/es\/wp-json\/wp\/v2\/comments?post=6014"}],"version-history":[{"count":3,"href":"https:\/\/hub4t.tecnocampus.cat\/es\/wp-json\/wp\/v2\/posts\/6014\/revisions"}],"predecessor-version":[{"id":6034,"href":"https:\/\/hub4t.tecnocampus.cat\/es\/wp-json\/wp\/v2\/posts\/6014\/revisions\/6034"}],"wp:featuredmedia":[{"embeddable":true,"href":"https:\/\/hub4t.tecnocampus.cat\/es\/wp-json\/wp\/v2\/media\/6011"}],"wp:attachment":[{"href":"https:\/\/hub4t.tecnocampus.cat\/es\/wp-json\/wp\/v2\/media?parent=6014"}],"wp:term":[{"taxonomy":"category","embeddable":true,"href":"https:\/\/hub4t.tecnocampus.cat\/es\/wp-json\/wp\/v2\/categories?post=6014"},{"taxonomy":"post_tag","embeddable":true,"href":"https:\/\/hub4t.tecnocampus.cat\/es\/wp-json\/wp\/v2\/tags?post=6014"}],"curies":[{"name":"wp","href":"https:\/\/api.w.org\/{rel}","templated":true}]}}