{"id":6189,"date":"2026-02-26T11:49:04","date_gmt":"2026-02-26T09:49:04","guid":{"rendered":"https:\/\/hub4t.tecnocampus.cat\/?p=6189"},"modified":"2026-02-26T11:49:43","modified_gmt":"2026-02-26T09:49:43","slug":"hub4t-participa-junto-con-el-alumnado-de-i-talent-en-el-v-encuentro-de-universidades-catalanas-de-unidiversidad","status":"publish","type":"post","link":"https:\/\/hub4t.tecnocampus.cat\/es\/hub4t-participa-junto-con-el-alumnado-de-i-talent-en-el-v-encuentro-de-universidades-catalanas-de-unidiversidad\/","title":{"rendered":"HUB4T participa, junto con el alumnado de I-talent, en el V Encuentro de Universidades Catalanas de UNIDIVERSIDAD"},"content":{"rendered":"<p>El pasado <strong>19 de febrero<\/strong>, desde <strong>HUB4T<\/strong> participamos junto con el <strong>alumnado de I-talent<\/strong> en el <strong>V Encuentro de Universidades Catalanas<\/strong> de la convocatoria <strong>UNIDIVERSIDAD<\/strong>, organizado en esta edici\u00f3n por <strong>StartUB! de la Universidad de Barcelona.<\/strong><\/p>\n<p>Fue una <strong>jornada acad\u00e9mica y social<\/strong> pensada para <strong>compartir experiencias<\/strong> entre el alumnado del programa <strong>UNIDIVERSIDAD<\/strong>, un <strong>proyecto financiado por la Fundaci\u00f3n ONCE y el Fondo Social Europeo.<\/strong><\/p>\n<p>Desde <strong>HUB4T<\/strong>, valoramos mucho este tipo de iniciativas que fomentan la <strong>colaboraci\u00f3n<\/strong> y el <strong>intercambio de conocimientos<\/strong> entre estudiantes. La participaci\u00f3n en el <strong>V Encuentro de Universidades Catalanas de UNIDIVERSIDAD<\/strong> refuerza nuestro compromiso con la <strong>educaci\u00f3n inclusiva<\/strong> y nos motiva a seguir impulsando actividades que conecten <strong>talento, innovaci\u00f3n y oportunidades formativas<\/strong>.<\/p>\n","protected":false},"excerpt":{"rendered":"<p>El pasado 19 de febrero, desde HUB4T participamos junto con el alumnado de I-talent en el V Encuentro de Universidades Catalanas de la convocatoria UNIDIVERSIDAD, organizado en esta edici\u00f3n por StartUB! de la Universidad de Barcelona. Fue una jornada acad\u00e9mica y social pensada para compartir experiencias entre el alumnado del programa UNIDIVERSIDAD, un proyecto financiado [&hellip;]<\/p>\n","protected":false},"author":10,"featured_media":6191,"comment_status":"closed","ping_status":"open","sticky":false,"template":"","format":"standard","meta":{"_acf_changed":false,"_et_pb_use_builder":"","_et_pb_old_content":"","_et_gb_content_width":"","inline_featured_image":false,"footnotes":""},"categories":[2],"tags":[],"class_list":["post-6189","post","type-post","status-publish","format-standard","has-post-thumbnail","hentry","category-actualidad-masters-y-postgrados-del-area-de-salud-empresa-tecnologia"],"acf":[],"yoast_head":"<!-- This site is optimized with the Yoast SEO plugin v27.3 - https:\/\/yoast.com\/product\/yoast-seo-wordpress\/ -->\n<title>HUB4T particip\u00f3 con el alumnado de I-talent en el V Encuentro de Universidades Catalanas de UNIDIVERSIDAD<\/title>\n<meta name=\"description\" content=\"El pasado 19 de febrero, HUB4T particip\u00f3 con el alumnado de I-talent en el V Encuentro de Universidades Catalanas de UNIDIVERSIDAD, fomentando la colaboraci\u00f3n, el intercambio de conocimientos y la educaci\u00f3n inclusiva.\" \/>\n<meta name=\"robots\" content=\"index, follow, max-snippet:-1, max-image-preview:large, max-video-preview:-1\" \/>\n<link rel=\"canonical\" href=\"https:\/\/hub4t.tecnocampus.cat\/es\/hub4t-participa-junto-con-el-alumnado-de-i-talent-en-el-v-encuentro-de-universidades-catalanas-de-unidiversidad\/\" \/>\n<meta property=\"og:locale\" content=\"es_ES\" \/>\n<meta property=\"og:type\" content=\"article\" \/>\n<meta property=\"og:title\" content=\"HUB4T particip\u00f3 con el alumnado de I-talent en el V Encuentro de Universidades Catalanas de UNIDIVERSIDAD\" \/>\n<meta property=\"og:description\" content=\"El pasado 19 de febrero, HUB4T particip\u00f3 con el alumnado de I-talent en el V Encuentro de Universidades Catalanas de UNIDIVERSIDAD, fomentando la colaboraci\u00f3n, el intercambio de conocimientos y la educaci\u00f3n inclusiva.\" \/>\n<meta property=\"og:url\" content=\"https:\/\/hub4t.tecnocampus.cat\/es\/hub4t-participa-junto-con-el-alumnado-de-i-talent-en-el-v-encuentro-de-universidades-catalanas-de-unidiversidad\/\" \/>\n<meta property=\"og:site_name\" content=\"HUB4T\" \/>\n<meta property=\"article:published_time\" content=\"2026-02-26T09:49:04+00:00\" \/>\n<meta property=\"article:modified_time\" content=\"2026-02-26T09:49:43+00:00\" \/>\n<meta property=\"og:image\" content=\"https:\/\/hub4t.tecnocampus.cat\/wp-content\/uploads\/2026\/02\/IMG_3176-2-scaled-e1771927663919.jpg\" \/>\n\t<meta property=\"og:image:width\" content=\"2560\" \/>\n\t<meta property=\"og:image:height\" content=\"1562\" \/>\n\t<meta property=\"og:image:type\" content=\"image\/jpeg\" \/>\n<meta name=\"author\" content=\"HUB4T TecnoCampus\" \/>\n<meta name=\"twitter:card\" content=\"summary_large_image\" \/>\n<meta name=\"twitter:label1\" content=\"Escrito por\" \/>\n\t<meta name=\"twitter:data1\" content=\"HUB4T TecnoCampus\" \/>\n\t<meta name=\"twitter:label2\" content=\"Tiempo de lectura\" \/>\n\t<meta name=\"twitter:data2\" content=\"1 minuto\" \/>\n<script type=\"application\/ld+json\" class=\"yoast-schema-graph\">{\"@context\":\"https:\\\/\\\/schema.org\",\"@graph\":[{\"@type\":\"Article\",\"@id\":\"https:\\\/\\\/hub4t.tecnocampus.cat\\\/es\\\/hub4t-participa-junto-con-el-alumnado-de-i-talent-en-el-v-encuentro-de-universidades-catalanas-de-unidiversidad\\\/#article\",\"isPartOf\":{\"@id\":\"https:\\\/\\\/hub4t.tecnocampus.cat\\\/es\\\/hub4t-participa-junto-con-el-alumnado-de-i-talent-en-el-v-encuentro-de-universidades-catalanas-de-unidiversidad\\\/\"},\"author\":{\"name\":\"HUB4T TecnoCampus\",\"@id\":\"https:\\\/\\\/hub4t.tecnocampus.cat\\\/#\\\/schema\\\/person\\\/ef38e43f1d3b6bb7b4abb438664579b1\"},\"headline\":\"HUB4T participa, junto con el alumnado de I-talent, en el V Encuentro de Universidades Catalanas de UNIDIVERSIDAD\",\"datePublished\":\"2026-02-26T09:49:04+00:00\",\"dateModified\":\"2026-02-26T09:49:43+00:00\",\"mainEntityOfPage\":{\"@id\":\"https:\\\/\\\/hub4t.tecnocampus.cat\\\/es\\\/hub4t-participa-junto-con-el-alumnado-de-i-talent-en-el-v-encuentro-de-universidades-catalanas-de-unidiversidad\\\/\"},\"wordCount\":141,\"image\":{\"@id\":\"https:\\\/\\\/hub4t.tecnocampus.cat\\\/es\\\/hub4t-participa-junto-con-el-alumnado-de-i-talent-en-el-v-encuentro-de-universidades-catalanas-de-unidiversidad\\\/#primaryimage\"},\"thumbnailUrl\":\"https:\\\/\\\/hub4t.tecnocampus.cat\\\/wp-content\\\/uploads\\\/2026\\\/02\\\/IMG_3176-2-scaled-e1771927663919.jpg\",\"articleSection\":[\"Actualidad\"],\"inLanguage\":\"es\"},{\"@type\":\"WebPage\",\"@id\":\"https:\\\/\\\/hub4t.tecnocampus.cat\\\/es\\\/hub4t-participa-junto-con-el-alumnado-de-i-talent-en-el-v-encuentro-de-universidades-catalanas-de-unidiversidad\\\/\",\"url\":\"https:\\\/\\\/hub4t.tecnocampus.cat\\\/es\\\/hub4t-participa-junto-con-el-alumnado-de-i-talent-en-el-v-encuentro-de-universidades-catalanas-de-unidiversidad\\\/\",\"name\":\"HUB4T particip\u00f3 con el alumnado de I-talent en el V Encuentro de Universidades Catalanas de UNIDIVERSIDAD\",\"isPartOf\":{\"@id\":\"https:\\\/\\\/hub4t.tecnocampus.cat\\\/#website\"},\"primaryImageOfPage\":{\"@id\":\"https:\\\/\\\/hub4t.tecnocampus.cat\\\/es\\\/hub4t-participa-junto-con-el-alumnado-de-i-talent-en-el-v-encuentro-de-universidades-catalanas-de-unidiversidad\\\/#primaryimage\"},\"image\":{\"@id\":\"https:\\\/\\\/hub4t.tecnocampus.cat\\\/es\\\/hub4t-participa-junto-con-el-alumnado-de-i-talent-en-el-v-encuentro-de-universidades-catalanas-de-unidiversidad\\\/#primaryimage\"},\"thumbnailUrl\":\"https:\\\/\\\/hub4t.tecnocampus.cat\\\/wp-content\\\/uploads\\\/2026\\\/02\\\/IMG_3176-2-scaled-e1771927663919.jpg\",\"datePublished\":\"2026-02-26T09:49:04+00:00\",\"dateModified\":\"2026-02-26T09:49:43+00:00\",\"author\":{\"@id\":\"https:\\\/\\\/hub4t.tecnocampus.cat\\\/#\\\/schema\\\/person\\\/ef38e43f1d3b6bb7b4abb438664579b1\"},\"description\":\"El pasado 19 de febrero, HUB4T particip\u00f3 con el alumnado de I-talent en el V Encuentro de Universidades Catalanas de UNIDIVERSIDAD, fomentando la colaboraci\u00f3n, el intercambio de conocimientos y la educaci\u00f3n inclusiva.\",\"breadcrumb\":{\"@id\":\"https:\\\/\\\/hub4t.tecnocampus.cat\\\/es\\\/hub4t-participa-junto-con-el-alumnado-de-i-talent-en-el-v-encuentro-de-universidades-catalanas-de-unidiversidad\\\/#breadcrumb\"},\"inLanguage\":\"es\",\"potentialAction\":[{\"@type\":\"ReadAction\",\"target\":[\"https:\\\/\\\/hub4t.tecnocampus.cat\\\/es\\\/hub4t-participa-junto-con-el-alumnado-de-i-talent-en-el-v-encuentro-de-universidades-catalanas-de-unidiversidad\\\/\"]}]},{\"@type\":\"ImageObject\",\"inLanguage\":\"es\",\"@id\":\"https:\\\/\\\/hub4t.tecnocampus.cat\\\/es\\\/hub4t-participa-junto-con-el-alumnado-de-i-talent-en-el-v-encuentro-de-universidades-catalanas-de-unidiversidad\\\/#primaryimage\",\"url\":\"https:\\\/\\\/hub4t.tecnocampus.cat\\\/wp-content\\\/uploads\\\/2026\\\/02\\\/IMG_3176-2-scaled-e1771927663919.jpg\",\"contentUrl\":\"https:\\\/\\\/hub4t.tecnocampus.cat\\\/wp-content\\\/uploads\\\/2026\\\/02\\\/IMG_3176-2-scaled-e1771927663919.jpg\",\"width\":2560,\"height\":1562,\"caption\":\"HUB4T participa juntament amb l\u2019alumnat de l\u2019I-talent en la V Trobada d\u2019Universitats Catalanes de la convocat\u00f2ria UNIDIVERSIDAD\"},{\"@type\":\"BreadcrumbList\",\"@id\":\"https:\\\/\\\/hub4t.tecnocampus.cat\\\/es\\\/hub4t-participa-junto-con-el-alumnado-de-i-talent-en-el-v-encuentro-de-universidades-catalanas-de-unidiversidad\\\/#breadcrumb\",\"itemListElement\":[{\"@type\":\"ListItem\",\"position\":1,\"name\":\"Inici\",\"item\":\"https:\\\/\\\/hub4t.tecnocampus.cat\\\/\"},{\"@type\":\"ListItem\",\"position\":2,\"name\":\"HUB4T participa, junto con el alumnado de I-talent, en el V Encuentro de Universidades Catalanas de UNIDIVERSIDAD\"}]},{\"@type\":\"WebSite\",\"@id\":\"https:\\\/\\\/hub4t.tecnocampus.cat\\\/#website\",\"url\":\"https:\\\/\\\/hub4t.tecnocampus.cat\\\/\",\"name\":\"HUB4T\",\"description\":\"Centre d&#039;estudis de postgrau i formaci\u00f3 permanent\",\"potentialAction\":[{\"@type\":\"SearchAction\",\"target\":{\"@type\":\"EntryPoint\",\"urlTemplate\":\"https:\\\/\\\/hub4t.tecnocampus.cat\\\/?s={search_term_string}\"},\"query-input\":{\"@type\":\"PropertyValueSpecification\",\"valueRequired\":true,\"valueName\":\"search_term_string\"}}],\"inLanguage\":\"es\"},{\"@type\":\"Person\",\"@id\":\"https:\\\/\\\/hub4t.tecnocampus.cat\\\/#\\\/schema\\\/person\\\/ef38e43f1d3b6bb7b4abb438664579b1\",\"name\":\"HUB4T TecnoCampus\",\"image\":{\"@type\":\"ImageObject\",\"inLanguage\":\"es\",\"@id\":\"https:\\\/\\\/secure.gravatar.com\\\/avatar\\\/d8188a292e0bdca3bf4b87796bfbf9541a578c25af7ae9c66bdc7505f097a8e2?s=96&d=mm&r=g\",\"url\":\"https:\\\/\\\/secure.gravatar.com\\\/avatar\\\/d8188a292e0bdca3bf4b87796bfbf9541a578c25af7ae9c66bdc7505f097a8e2?s=96&d=mm&r=g\",\"contentUrl\":\"https:\\\/\\\/secure.gravatar.com\\\/avatar\\\/d8188a292e0bdca3bf4b87796bfbf9541a578c25af7ae9c66bdc7505f097a8e2?s=96&d=mm&r=g\",\"caption\":\"HUB4T TecnoCampus\"},\"url\":\"https:\\\/\\\/hub4t.tecnocampus.cat\\\/es\\\/author\\\/hub4t-tecnocampus\\\/\"}]}<\/script>\n<!-- \/ Yoast SEO plugin. -->","yoast_head_json":{"title":"HUB4T particip\u00f3 con el alumnado de I-talent en el V Encuentro de Universidades Catalanas de UNIDIVERSIDAD","description":"El pasado 19 de febrero, HUB4T particip\u00f3 con el alumnado de I-talent en el V Encuentro de Universidades Catalanas de UNIDIVERSIDAD, fomentando la colaboraci\u00f3n, el intercambio de conocimientos y la educaci\u00f3n inclusiva.","robots":{"index":"index","follow":"follow","max-snippet":"max-snippet:-1","max-image-preview":"max-image-preview:large","max-video-preview":"max-video-preview:-1"},"canonical":"https:\/\/hub4t.tecnocampus.cat\/es\/hub4t-participa-junto-con-el-alumnado-de-i-talent-en-el-v-encuentro-de-universidades-catalanas-de-unidiversidad\/","og_locale":"es_ES","og_type":"article","og_title":"HUB4T particip\u00f3 con el alumnado de I-talent en el V Encuentro de Universidades Catalanas de UNIDIVERSIDAD","og_description":"El pasado 19 de febrero, HUB4T particip\u00f3 con el alumnado de I-talent en el V Encuentro de Universidades Catalanas de UNIDIVERSIDAD, fomentando la colaboraci\u00f3n, el intercambio de conocimientos y la educaci\u00f3n inclusiva.","og_url":"https:\/\/hub4t.tecnocampus.cat\/es\/hub4t-participa-junto-con-el-alumnado-de-i-talent-en-el-v-encuentro-de-universidades-catalanas-de-unidiversidad\/","og_site_name":"HUB4T","article_published_time":"2026-02-26T09:49:04+00:00","article_modified_time":"2026-02-26T09:49:43+00:00","og_image":[{"width":2560,"height":1562,"url":"https:\/\/hub4t.tecnocampus.cat\/wp-content\/uploads\/2026\/02\/IMG_3176-2-scaled-e1771927663919.jpg","type":"image\/jpeg"}],"author":"HUB4T TecnoCampus","twitter_card":"summary_large_image","twitter_misc":{"Escrito por":"HUB4T TecnoCampus","Tiempo de lectura":"1 minuto"},"schema":{"@context":"https:\/\/schema.org","@graph":[{"@type":"Article","@id":"https:\/\/hub4t.tecnocampus.cat\/es\/hub4t-participa-junto-con-el-alumnado-de-i-talent-en-el-v-encuentro-de-universidades-catalanas-de-unidiversidad\/#article","isPartOf":{"@id":"https:\/\/hub4t.tecnocampus.cat\/es\/hub4t-participa-junto-con-el-alumnado-de-i-talent-en-el-v-encuentro-de-universidades-catalanas-de-unidiversidad\/"},"author":{"name":"HUB4T TecnoCampus","@id":"https:\/\/hub4t.tecnocampus.cat\/#\/schema\/person\/ef38e43f1d3b6bb7b4abb438664579b1"},"headline":"HUB4T participa, junto con el alumnado de I-talent, en el V Encuentro de Universidades Catalanas de UNIDIVERSIDAD","datePublished":"2026-02-26T09:49:04+00:00","dateModified":"2026-02-26T09:49:43+00:00","mainEntityOfPage":{"@id":"https:\/\/hub4t.tecnocampus.cat\/es\/hub4t-participa-junto-con-el-alumnado-de-i-talent-en-el-v-encuentro-de-universidades-catalanas-de-unidiversidad\/"},"wordCount":141,"image":{"@id":"https:\/\/hub4t.tecnocampus.cat\/es\/hub4t-participa-junto-con-el-alumnado-de-i-talent-en-el-v-encuentro-de-universidades-catalanas-de-unidiversidad\/#primaryimage"},"thumbnailUrl":"https:\/\/hub4t.tecnocampus.cat\/wp-content\/uploads\/2026\/02\/IMG_3176-2-scaled-e1771927663919.jpg","articleSection":["Actualidad"],"inLanguage":"es"},{"@type":"WebPage","@id":"https:\/\/hub4t.tecnocampus.cat\/es\/hub4t-participa-junto-con-el-alumnado-de-i-talent-en-el-v-encuentro-de-universidades-catalanas-de-unidiversidad\/","url":"https:\/\/hub4t.tecnocampus.cat\/es\/hub4t-participa-junto-con-el-alumnado-de-i-talent-en-el-v-encuentro-de-universidades-catalanas-de-unidiversidad\/","name":"HUB4T particip\u00f3 con el alumnado de I-talent en el V Encuentro de Universidades Catalanas de UNIDIVERSIDAD","isPartOf":{"@id":"https:\/\/hub4t.tecnocampus.cat\/#website"},"primaryImageOfPage":{"@id":"https:\/\/hub4t.tecnocampus.cat\/es\/hub4t-participa-junto-con-el-alumnado-de-i-talent-en-el-v-encuentro-de-universidades-catalanas-de-unidiversidad\/#primaryimage"},"image":{"@id":"https:\/\/hub4t.tecnocampus.cat\/es\/hub4t-participa-junto-con-el-alumnado-de-i-talent-en-el-v-encuentro-de-universidades-catalanas-de-unidiversidad\/#primaryimage"},"thumbnailUrl":"https:\/\/hub4t.tecnocampus.cat\/wp-content\/uploads\/2026\/02\/IMG_3176-2-scaled-e1771927663919.jpg","datePublished":"2026-02-26T09:49:04+00:00","dateModified":"2026-02-26T09:49:43+00:00","author":{"@id":"https:\/\/hub4t.tecnocampus.cat\/#\/schema\/person\/ef38e43f1d3b6bb7b4abb438664579b1"},"description":"El pasado 19 de febrero, HUB4T particip\u00f3 con el alumnado de I-talent en el V Encuentro de Universidades Catalanas de UNIDIVERSIDAD, fomentando la colaboraci\u00f3n, el intercambio de conocimientos y la educaci\u00f3n inclusiva.","breadcrumb":{"@id":"https:\/\/hub4t.tecnocampus.cat\/es\/hub4t-participa-junto-con-el-alumnado-de-i-talent-en-el-v-encuentro-de-universidades-catalanas-de-unidiversidad\/#breadcrumb"},"inLanguage":"es","potentialAction":[{"@type":"ReadAction","target":["https:\/\/hub4t.tecnocampus.cat\/es\/hub4t-participa-junto-con-el-alumnado-de-i-talent-en-el-v-encuentro-de-universidades-catalanas-de-unidiversidad\/"]}]},{"@type":"ImageObject","inLanguage":"es","@id":"https:\/\/hub4t.tecnocampus.cat\/es\/hub4t-participa-junto-con-el-alumnado-de-i-talent-en-el-v-encuentro-de-universidades-catalanas-de-unidiversidad\/#primaryimage","url":"https:\/\/hub4t.tecnocampus.cat\/wp-content\/uploads\/2026\/02\/IMG_3176-2-scaled-e1771927663919.jpg","contentUrl":"https:\/\/hub4t.tecnocampus.cat\/wp-content\/uploads\/2026\/02\/IMG_3176-2-scaled-e1771927663919.jpg","width":2560,"height":1562,"caption":"HUB4T participa juntament amb l\u2019alumnat de l\u2019I-talent en la V Trobada d\u2019Universitats Catalanes de la convocat\u00f2ria UNIDIVERSIDAD"},{"@type":"BreadcrumbList","@id":"https:\/\/hub4t.tecnocampus.cat\/es\/hub4t-participa-junto-con-el-alumnado-de-i-talent-en-el-v-encuentro-de-universidades-catalanas-de-unidiversidad\/#breadcrumb","itemListElement":[{"@type":"ListItem","position":1,"name":"Inici","item":"https:\/\/hub4t.tecnocampus.cat\/"},{"@type":"ListItem","position":2,"name":"HUB4T participa, junto con el alumnado de I-talent, en el V Encuentro de Universidades Catalanas de UNIDIVERSIDAD"}]},{"@type":"WebSite","@id":"https:\/\/hub4t.tecnocampus.cat\/#website","url":"https:\/\/hub4t.tecnocampus.cat\/","name":"HUB4T","description":"Centre d&#039;estudis de postgrau i formaci\u00f3 permanent","potentialAction":[{"@type":"SearchAction","target":{"@type":"EntryPoint","urlTemplate":"https:\/\/hub4t.tecnocampus.cat\/?s={search_term_string}"},"query-input":{"@type":"PropertyValueSpecification","valueRequired":true,"valueName":"search_term_string"}}],"inLanguage":"es"},{"@type":"Person","@id":"https:\/\/hub4t.tecnocampus.cat\/#\/schema\/person\/ef38e43f1d3b6bb7b4abb438664579b1","name":"HUB4T TecnoCampus","image":{"@type":"ImageObject","inLanguage":"es","@id":"https:\/\/secure.gravatar.com\/avatar\/d8188a292e0bdca3bf4b87796bfbf9541a578c25af7ae9c66bdc7505f097a8e2?s=96&d=mm&r=g","url":"https:\/\/secure.gravatar.com\/avatar\/d8188a292e0bdca3bf4b87796bfbf9541a578c25af7ae9c66bdc7505f097a8e2?s=96&d=mm&r=g","contentUrl":"https:\/\/secure.gravatar.com\/avatar\/d8188a292e0bdca3bf4b87796bfbf9541a578c25af7ae9c66bdc7505f097a8e2?s=96&d=mm&r=g","caption":"HUB4T TecnoCampus"},"url":"https:\/\/hub4t.tecnocampus.cat\/es\/author\/hub4t-tecnocampus\/"}]}},"_links":{"self":[{"href":"https:\/\/hub4t.tecnocampus.cat\/es\/wp-json\/wp\/v2\/posts\/6189","targetHints":{"allow":["GET"]}}],"collection":[{"href":"https:\/\/hub4t.tecnocampus.cat\/es\/wp-json\/wp\/v2\/posts"}],"about":[{"href":"https:\/\/hub4t.tecnocampus.cat\/es\/wp-json\/wp\/v2\/types\/post"}],"author":[{"embeddable":true,"href":"https:\/\/hub4t.tecnocampus.cat\/es\/wp-json\/wp\/v2\/users\/10"}],"replies":[{"embeddable":true,"href":"https:\/\/hub4t.tecnocampus.cat\/es\/wp-json\/wp\/v2\/comments?post=6189"}],"version-history":[{"count":2,"href":"https:\/\/hub4t.tecnocampus.cat\/es\/wp-json\/wp\/v2\/posts\/6189\/revisions"}],"predecessor-version":[{"id":6193,"href":"https:\/\/hub4t.tecnocampus.cat\/es\/wp-json\/wp\/v2\/posts\/6189\/revisions\/6193"}],"wp:featuredmedia":[{"embeddable":true,"href":"https:\/\/hub4t.tecnocampus.cat\/es\/wp-json\/wp\/v2\/media\/6191"}],"wp:attachment":[{"href":"https:\/\/hub4t.tecnocampus.cat\/es\/wp-json\/wp\/v2\/media?parent=6189"}],"wp:term":[{"taxonomy":"category","embeddable":true,"href":"https:\/\/hub4t.tecnocampus.cat\/es\/wp-json\/wp\/v2\/categories?post=6189"},{"taxonomy":"post_tag","embeddable":true,"href":"https:\/\/hub4t.tecnocampus.cat\/es\/wp-json\/wp\/v2\/tags?post=6189"}],"curies":[{"name":"wp","href":"https:\/\/api.w.org\/{rel}","templated":true}]}}